{"id":41964,"date":"2020-08-16T20:29:06","date_gmt":"2020-08-16T23:29:06","guid":{"rendered":"https:\/\/www.masrojo.com.ar\/home\/?p=41964"},"modified":"2020-08-16T20:29:06","modified_gmt":"2020-08-16T23:29:06","slug":"mas-afuera-que-adentro","status":"publish","type":"post","link":"https:\/\/www.masrojo.com.ar\/home\/2020\/08\/16\/mas-afuera-que-adentro\/","title":{"rendered":"M\u00c1S AFUERA QUE ADENTRO"},"content":{"rendered":"<p style=\"text-align: justify;\">Juan S\u00e1nchez Mi\u00f1o se aleja de Independiente. El lateral est\u00e1 relegado por el entrenador Lucas Pusineri y negocia una rescisi\u00f3n de contrato con los dirigentes. Su futuro parece cerca de Estudiantes de La Plata.<\/p>\n<p style=\"text-align: justify;\">Hoy se entrena en Villa Dom\u00ednico pero en un grupo aislado y sin la tutela de Lucas Pusineri. El DT de Independiente ya no lo cuenta para la pr\u00f3xima temporada y el jugador busca irse.<\/p>\n<p style=\"text-align: justify;\">La rescisi\u00f3n del contrato de S\u00e1nchez Mi\u00f1o con el conjunto de Avellaneda est\u00e1 avanzada: el jugador est\u00e1 dispuesto a resignar una deuda salarial y dar dinero a cambio de tener el pase en su poder. Estudiantes de La Plata es uno de los destinos factibles y probablemente la inversi\u00f3n para lograr su salida del Rojo surge desde el Pincha. MASROJO accedi\u00f3 a la informaci\u00f3n de que en <b>Estudiantes<\/b>\u00a0est\u00e1n esperando que\u00a0<b>Juan<\/b>\u00a0<b>Manuel S\u00e1nchez Mi\u00f1o<\/b>\u00a0logre la libertad de acci\u00f3n del\u00a0<b>Rojo<\/b>.<\/p>\n<p style=\"text-align: justify;\">Una vez que eso ocurra, la idea es ir por \u00e9l dado que de por medio se encuentra\u00a0<b>Gast\u00f3n<\/b>\u00a0<b>Fern\u00e1ndez<\/b>, quien forma parte del grupo que representa sus intereses.<\/p>\n<p style=\"text-align: justify;\">Gast\u00f3n Fern\u00e1ndez, exjugador y actual representante del lateral, tiene su llegada medianamente acordada con Estudiantes. Juan S\u00e1nchez Mi\u00f1o se sumar\u00e1 a la lista de jugadores que juntaron a\u00f1os defendiendo la camiseta de Independiente y ahora se van de Avellaneda.<\/p>\n","protected":false},"excerpt":{"rendered":"<div class=\"mh-excerpt\"><p>Juan S\u00e1nchez Mi\u00f1o se aleja de Independiente. El lateral est\u00e1 relegado por el entrenador Lucas Pusineri y negocia una rescisi\u00f3n de contrato con los dirigentes. Su futuro parece cerca de Estudiantes de La Plata. Hoy <a class=\"mh-excerpt-more\" href=\"https:\/\/www.masrojo.com.ar\/home\/2020\/08\/16\/mas-afuera-que-adentro\/\" title=\"M\u00c1S AFUERA QUE ADENTRO\">[&#8230;]<\/a><\/p>\n<\/div>","protected":false},"author":6,"featured_media":0,"comment_status":"closed","ping_status":"closed","sticky":false,"template":"","format":"image","meta":{"_jetpack_memberships_contains_paid_content":false,"footnotes":"","jetpack_publicize_message":"","jetpack_publicize_feature_enabled":true,"jetpack_social_post_already_shared":true,"jetpack_social_options":{"image_generator_settings":{"template":"highway","enabled":false},"version":2}},"categories":[4],"tags":[],"class_list":{"0":"post-41964","1":"post","2":"type-post","3":"status-publish","4":"format-image","6":"category-actualidad","7":"post_format-post-format-image"},"jetpack_publicize_connections":[],"jetpack_sharing_enabled":true,"jetpack_featured_media_url":"","jetpack_shortlink":"https:\/\/wp.me\/p90W9F-aUQ","_links":{"self":[{"href":"https:\/\/www.masrojo.com.ar\/home\/wp-json\/wp\/v2\/posts\/41964"}],"collection":[{"href":"https:\/\/www.masrojo.com.ar\/home\/wp-json\/wp\/v2\/posts"}],"about":[{"href":"https:\/\/www.masrojo.com.ar\/home\/wp-json\/wp\/v2\/types\/post"}],"author":[{"embeddable":true,"href":"https:\/\/www.masrojo.com.ar\/home\/wp-json\/wp\/v2\/users\/6"}],"replies":[{"embeddable":true,"href":"https:\/\/www.masrojo.com.ar\/home\/wp-json\/wp\/v2\/comments?post=41964"}],"version-history":[{"count":1,"href":"https:\/\/www.masrojo.com.ar\/home\/wp-json\/wp\/v2\/posts\/41964\/revisions"}],"predecessor-version":[{"id":41971,"href":"https:\/\/www.masrojo.com.ar\/home\/wp-json\/wp\/v2\/posts\/41964\/revisions\/41971"}],"wp:attachment":[{"href":"https:\/\/www.masrojo.com.ar\/home\/wp-json\/wp\/v2\/media?parent=41964"}],"wp:term":[{"taxonomy":"category","embeddable":true,"href":"https:\/\/www.masrojo.com.ar\/home\/wp-json\/wp\/v2\/categories?post=41964"},{"taxonomy":"post_tag","embeddable":true,"href":"https:\/\/www.masrojo.com.ar\/home\/wp-json\/wp\/v2\/tags?post=41964"}],"curies":[{"name":"wp","href":"https:\/\/api.w.org\/{rel}","templated":true}]}}