{"id":41972,"date":"2020-08-16T20:52:10","date_gmt":"2020-08-16T23:52:10","guid":{"rendered":"https:\/\/www.masrojo.com.ar\/home\/?p=41972"},"modified":"2020-08-16T20:52:10","modified_gmt":"2020-08-16T23:52:10","slug":"quiere-dara-batalla","status":"publish","type":"post","link":"https:\/\/www.masrojo.com.ar\/home\/2020\/08\/16\/quiere-dara-batalla\/","title":{"rendered":"QUIERE DARA BATALLA"},"content":{"rendered":"<div class=\"entry-title col-lg-6 col-md-12 col-sm-12 col-xs-12\">\n<div class=\"title\">\n<div class=\"bajada\">\n<p style=\"text-align: justify;\"><strong><span class=\"css-901oao css-16my406 r-1qd0xha r-ad9z0x r-bcqeeo r-qvutc0\">Hay un fuerte inter\u00e9s de <\/span><span class=\"r-18u37iz\">Independiente<\/span><span class=\"css-901oao css-16my406 r-1qd0xha r-ad9z0x r-bcqeeo r-qvutc0\"> por Dami\u00e1n Batallini. El Rojo lo quiere y podr\u00eda realizar una oferta en los pr\u00f3ximos d\u00edas.<\/span><\/strong><\/p>\n<p style=\"text-align: justify;\"><strong>El bicho no quiere trueque ni pr\u00e9stamo sino que solo lo vende, pero tambi\u00e9n se espera alg\u00fan ofrecimiento de Europa por el jugador. Argentinos quiere dinero por Batallini.<\/strong><\/p>\n<p style=\"text-align: justify;\"><strong>En el Bicho no s\u00f3lo est\u00e1n al tanto de que el Rojo lo tiene en la mira, sino que adem\u00e1s reconocieron que el inter\u00e9s es fuerte. El club de La Paternal priorizar\u00e1 venderlo al exterior, aunque hasta el momento no han llegado ofertas concretas desde afuera del pa\u00eds.\u00a0\u201cEl representante del jugador est\u00e1 trabajando para acercar propuestas desde el mercado europeo, pero por el momento no hay nada formal\u201d, reconoci\u00f3 Cristian Malaspina, presidente de Argentinos, en AM 550.<\/strong><\/p>\n<\/div>\n<\/div>\n<\/div>\n<p id=\"galeria-trigger\" class=\"entry-media no-p main-image  col-lg-12 col-md-12 \" style=\"text-align: justify;\">\n","protected":false},"excerpt":{"rendered":"<div class=\"mh-excerpt\"><p>Hay un fuerte inter\u00e9s de Independiente por Dami\u00e1n Batallini. El Rojo lo quiere y podr\u00eda realizar una oferta en los pr\u00f3ximos d\u00edas. El bicho no quiere trueque ni pr\u00e9stamo sino que solo lo vende, pero <a class=\"mh-excerpt-more\" href=\"https:\/\/www.masrojo.com.ar\/home\/2020\/08\/16\/quiere-dara-batalla\/\" title=\"QUIERE DARA BATALLA\">[&#8230;]<\/a><\/p>\n<\/div>","protected":false},"author":6,"featured_media":0,"comment_status":"closed","ping_status":"closed","sticky":false,"template":"","format":"image","meta":{"_jetpack_memberships_contains_paid_content":false,"footnotes":"","jetpack_publicize_message":"","jetpack_publicize_feature_enabled":true,"jetpack_social_post_already_shared":true,"jetpack_social_options":{"image_generator_settings":{"template":"highway","enabled":false},"version":2}},"categories":[4],"tags":[],"class_list":{"0":"post-41972","1":"post","2":"type-post","3":"status-publish","4":"format-image","6":"category-actualidad","7":"post_format-post-format-image"},"jetpack_publicize_connections":[],"jetpack_sharing_enabled":true,"jetpack_featured_media_url":"","jetpack_shortlink":"https:\/\/wp.me\/p90W9F-aUY","_links":{"self":[{"href":"https:\/\/www.masrojo.com.ar\/home\/wp-json\/wp\/v2\/posts\/41972"}],"collection":[{"href":"https:\/\/www.masrojo.com.ar\/home\/wp-json\/wp\/v2\/posts"}],"about":[{"href":"https:\/\/www.masrojo.com.ar\/home\/wp-json\/wp\/v2\/types\/post"}],"author":[{"embeddable":true,"href":"https:\/\/www.masrojo.com.ar\/home\/wp-json\/wp\/v2\/users\/6"}],"replies":[{"embeddable":true,"href":"https:\/\/www.masrojo.com.ar\/home\/wp-json\/wp\/v2\/comments?post=41972"}],"version-history":[{"count":1,"href":"https:\/\/www.masrojo.com.ar\/home\/wp-json\/wp\/v2\/posts\/41972\/revisions"}],"predecessor-version":[{"id":41979,"href":"https:\/\/www.masrojo.com.ar\/home\/wp-json\/wp\/v2\/posts\/41972\/revisions\/41979"}],"wp:attachment":[{"href":"https:\/\/www.masrojo.com.ar\/home\/wp-json\/wp\/v2\/media?parent=41972"}],"wp:term":[{"taxonomy":"category","embeddable":true,"href":"https:\/\/www.masrojo.com.ar\/home\/wp-json\/wp\/v2\/categories?post=41972"},{"taxonomy":"post_tag","embeddable":true,"href":"https:\/\/www.masrojo.com.ar\/home\/wp-json\/wp\/v2\/tags?post=41972"}],"curies":[{"name":"wp","href":"https:\/\/api.w.org\/{rel}","templated":true}]}}