{"id":41981,"date":"2020-08-18T11:01:37","date_gmt":"2020-08-18T14:01:37","guid":{"rendered":"https:\/\/www.masrojo.com.ar\/home\/?p=41981"},"modified":"2020-08-18T11:01:37","modified_gmt":"2020-08-18T14:01:37","slug":"agustin-rossi-en-la-mira","status":"publish","type":"post","link":"https:\/\/www.masrojo.com.ar\/home\/2020\/08\/18\/agustin-rossi-en-la-mira\/","title":{"rendered":"Agust\u00edn Rossi en la mira"},"content":{"rendered":"<p style=\"text-align: justify;\">Luego de que la transacci\u00f3n se caiga, la relaci\u00f3n positiva que hab\u00eda entre Avellaneda y La Boca, no qued\u00f3 muy estable&#8230; m\u00e1s teniendo en cuenta que el Rojo busca otro futbolista que est\u00e1 en el Xeneize. \u00bfQuien es?<\/p>\n<p style=\"text-align: justify;\">\n<p style=\"text-align: justify;\"><span class=\"marker\">Nada m\u00e1s y nada menos que<strong>\u00a0Agust\u00edn Rossi<\/strong>.\u00a0<\/span>El arquero cumpli\u00f3 con su pr\u00e9stamo en Lan\u00fas, donde ataj\u00f3 muy bien, pero debido a su alto precio de la cl\u00e1usula de salida, el equipo del Sur no pudo comprar su pase y retorn\u00f3 a\u00a0<strong>Boca<\/strong>.<\/p>\n<p style=\"text-align: justify;\">\n<p style=\"text-align: justify;\"><span class=\"marker\">All\u00ed no tendr\u00e1 continuidad.\u00a0<strong>Esteban Andrada\u00a0<\/strong>no se ir\u00e1 del club y l\u00f3gicamente,\u00a0<strong>Rossi<\/strong>\u00a0volver\u00e1 a ser el arquero suplente.\u00a0<\/span>El jugador cree que tras su gran temporada en Lan\u00fas, est\u00e1 en condiciones de seguir siendo titular en otra instituci\u00f3n e Independiente puede ser una de ellas, ya que\u00a0<strong>Mart\u00edn Campa\u00f1a<\/strong>\u00a0se ir\u00e1 del club.<\/p>\n<p style=\"text-align: justify;\"><img data-recalc-dims=\"1\" loading=\"lazy\" decoding=\"async\" src=\"https:\/\/i0.wp.com\/elcrackdeportivo.com.ar\/u\/fotografias\/m\/2020\/8\/15\/f768x1-13227_13354_0.jpg?resize=768%2C432&#038;ssl=1\" alt=\"Independiente va a la carga por otro jugador de Boca y es el arquero Agust\u00edn Rossi\" width=\"768\" height=\"432\" \/><\/p>\n<p style=\"text-align: justify;\">El gran problema es el precio del futbolista. La cl\u00e1usula de rescisi\u00f3n de\u00a0<strong>Agust\u00edn Rossi\u00a0<\/strong>ronda los diez millones de d\u00f3lares, y en\u00a0<strong>Boca<\/strong>\u00a0piensan que a ra\u00edz de su gran nivel en Lan\u00fas, lo mejor ser\u00eda recibir ese dinero o, por lo menos, la mitad.<\/p>\n<p style=\"text-align: justify;\">\n<p style=\"text-align: justify;\">En el Rojo no est\u00e1n para hacer grandes erogaciones de dinero y necesitan todo lo contrario, vender. En los pr\u00f3ximos d\u00edas, se iniciar\u00e1n charlas para conocer la situaci\u00f3n del ex ex Defensa y Justicia para intentar avanzar en las negociaciones. Por ahora, es muy dif\u00edcil.<\/p>\n","protected":false},"excerpt":{"rendered":"<div class=\"mh-excerpt\"><p>Luego de que la transacci\u00f3n se caiga, la relaci\u00f3n positiva que hab\u00eda entre Avellaneda y La Boca, no qued\u00f3 muy estable&#8230; m\u00e1s teniendo en cuenta que el Rojo busca otro futbolista que est\u00e1 en el <a class=\"mh-excerpt-more\" href=\"https:\/\/www.masrojo.com.ar\/home\/2020\/08\/18\/agustin-rossi-en-la-mira\/\" title=\"Agust\u00edn Rossi en la mira\">[&#8230;]<\/a><\/p>\n<\/div>","protected":false},"author":6,"featured_media":0,"comment_status":"closed","ping_status":"closed","sticky":false,"template":"","format":"image","meta":{"_jetpack_memberships_contains_paid_content":false,"footnotes":"","jetpack_publicize_message":"","jetpack_publicize_feature_enabled":true,"jetpack_social_post_already_shared":true,"jetpack_social_options":{"image_generator_settings":{"template":"highway","enabled":false},"version":2}},"categories":[4],"tags":[],"class_list":{"0":"post-41981","1":"post","2":"type-post","3":"status-publish","4":"format-image","6":"category-actualidad","7":"post_format-post-format-image"},"jetpack_publicize_connections":[],"jetpack_sharing_enabled":true,"jetpack_featured_media_url":"","jetpack_shortlink":"https:\/\/wp.me\/p90W9F-aV7","_links":{"self":[{"href":"https:\/\/www.masrojo.com.ar\/home\/wp-json\/wp\/v2\/posts\/41981"}],"collection":[{"href":"https:\/\/www.masrojo.com.ar\/home\/wp-json\/wp\/v2\/posts"}],"about":[{"href":"https:\/\/www.masrojo.com.ar\/home\/wp-json\/wp\/v2\/types\/post"}],"author":[{"embeddable":true,"href":"https:\/\/www.masrojo.com.ar\/home\/wp-json\/wp\/v2\/users\/6"}],"replies":[{"embeddable":true,"href":"https:\/\/www.masrojo.com.ar\/home\/wp-json\/wp\/v2\/comments?post=41981"}],"version-history":[{"count":1,"href":"https:\/\/www.masrojo.com.ar\/home\/wp-json\/wp\/v2\/posts\/41981\/revisions"}],"predecessor-version":[{"id":41988,"href":"https:\/\/www.masrojo.com.ar\/home\/wp-json\/wp\/v2\/posts\/41981\/revisions\/41988"}],"wp:attachment":[{"href":"https:\/\/www.masrojo.com.ar\/home\/wp-json\/wp\/v2\/media?parent=41981"}],"wp:term":[{"taxonomy":"category","embeddable":true,"href":"https:\/\/www.masrojo.com.ar\/home\/wp-json\/wp\/v2\/categories?post=41981"},{"taxonomy":"post_tag","embeddable":true,"href":"https:\/\/www.masrojo.com.ar\/home\/wp-json\/wp\/v2\/tags?post=41981"}],"curies":[{"name":"wp","href":"https:\/\/api.w.org\/{rel}","templated":true}]}}