{"id":41989,"date":"2020-08-18T11:10:50","date_gmt":"2020-08-18T14:10:50","guid":{"rendered":"https:\/\/www.masrojo.com.ar\/home\/?p=41989"},"modified":"2020-08-18T11:10:50","modified_gmt":"2020-08-18T14:10:50","slug":"el-mediocampista-que-busca-pusineri","status":"publish","type":"post","link":"https:\/\/www.masrojo.com.ar\/home\/2020\/08\/18\/el-mediocampista-que-busca-pusineri\/","title":{"rendered":"El mediocampista que busca Pusineri"},"content":{"rendered":"<div class=\"articleTop\">\n<p class=\"bajada\" style=\"text-align: justify;\">Lucas Pusineri lo enfrent\u00f3 en su paso por el f\u00fatbol colombiano y se lo sugiri\u00f3 a la dirigencia en varias reuniones. La idea es buscar un pr\u00e9stamo con cargo por el actual jugador de Deportes Tolima, de 28 a\u00f1os, quien obtuvo la Copa Sudamericana 2015 ante Hurac\u00e1n.<\/p>\n<\/div>\n<div class=\"articleMedia\" style=\"text-align: justify;\">\n<div class=\"image\"><picture><source srcset=\"https:\/\/media.tycsports.com\/files\/2020\/08\/17\/112684\/yeison-gordillo_416x234.jpg?v=1\" media=\"(max-width: 480px) \" data-srcset=\"https:\/\/media.tycsports.com\/files\/2020\/08\/17\/112684\/yeison-gordillo_416x234.jpg?v=1\" \/><img data-recalc-dims=\"1\" decoding=\"async\" class=\" lazyloaded\" src=\"https:\/\/i0.wp.com\/media.tycsports.com\/files\/2020\/08\/17\/112684\/yeison-gordillo_862x485.jpg?ssl=1\" alt=\"Yeison Gordillo, el mediocampista que busca Independiente\" data-src=\"https:\/\/media.tycsports.com\/files\/2020\/08\/17\/112684\/yeison-gordillo_862x485.jpg?v=1\" \/><\/picture><\/div>\n<\/div>\n<div class=\"articleBody\">\n<div class=\"side\" style=\"text-align: justify;\">\n<div class=\"card\"><\/div>\n<div class=\"share sticky\"><\/div>\n<\/div>\n<div class=\"content\">\n<div class=\"body\">\n<p class=\"capital\" style=\"text-align: justify;\">Mientras algunos jugadores se alejan con la idea de buscar nuevos horizontes, el entrenador\u00a0Lucas Pusineri ya piensa en el rearmado del plantel de Independiente cara a la pr\u00f3xima temporada y uno de los nombres que tienen en mente para reforzar el mediocampo es el del Yeison Gordillo, hoy en Deportes Tolima<\/p>\n<div style=\"text-align: justify;\" align=\"center\">\n<div id=\"inline\" data-google-query-id=\"COHh-rP2pOsCFawDuQYdHQwLYQ\">\n<div id=\"google_ads_iframe_\/125006397\/tyc\/nota\/inline_0__container__\">\n<div id=\"Brid_88785394_container\" class=\"brid-outstream\">\n<div id=\"Brid_88785394\" class=\"brid brid-default-skin brid-avoid-banners brid-onad brid-small brid-sticky brid-paused\">\n<div class=\"brid-holder\">\n<div class=\"brid-controls\">\n<div class=\"brid-fullscreen-control brid-control brid-button \" tabindex=\"0\" title=\"Alternar Pantalla Completa\" role=\"button\" aria-label=\"Alternar Pantalla Completa\"><\/div>\n<\/div>\n<\/div>\n<\/div>\n<div class=\"brid-close brid-panels brid-button brid-close-banner\" tabindex=\"0\" title=\"Cerrar\" role=\"button\" aria-label=\"Cerrar\"><\/div>\n<\/div>\n<\/div>\n<\/div>\n<\/div>\n<p style=\"text-align: justify;\">El nombre del colombiano, de 28 a\u00f1os, surgi\u00f3 por pedido exclusivo de Lucas Pusineri, quien lo nombr\u00f3 en varias reuniones que tuvo con la dirigencia y a quien conoce por enfrentarlo en paso por el f\u00fatbol cafetero. La idea es tratar de ofrecer un pr\u00e9stamo con cargo, ya que la instituci\u00f3n est\u00e1 muy lejos de realizar compras de este tipo a ra\u00edz de la crisis econ\u00f3mica que atraviesa.<\/p>\n<p style=\"text-align: justify;\">Gordillo hizo su debut como futbolista profesional en 2010 en Boyac\u00e1 Chic\u00f3 y pas\u00f3 en 2015 a Independiente\u00a0Santa Fe, donde obtuvo cuatro t\u00edtulos, entre ellos la\u00a0Copa Sudamericana 2015\u00a0-la que le gan\u00f3 a\u00a0Hurac\u00e1n\u00a0por penales- y la\u00a0Copa Suruga Bank\u00a02016. Ya en el 2019 recal\u00f3 en su \u00faltimo club: Deportes Tolima, con un aporte de un gol en 23 partidos.<\/p>\n<p style=\"text-align: right;\"><span style=\"font-size: 8pt;\">TyC Sports<\/span><\/p>\n<\/div>\n<\/div>\n<\/div>\n","protected":false},"excerpt":{"rendered":"<div class=\"mh-excerpt\"><p>Lucas Pusineri lo enfrent\u00f3 en su paso por el f\u00fatbol colombiano y se lo sugiri\u00f3 a la dirigencia en varias reuniones. La idea es buscar un pr\u00e9stamo con cargo por el actual jugador de Deportes <a class=\"mh-excerpt-more\" href=\"https:\/\/www.masrojo.com.ar\/home\/2020\/08\/18\/el-mediocampista-que-busca-pusineri\/\" title=\"El mediocampista que busca Pusineri\">[&#8230;]<\/a><\/p>\n<\/div>","protected":false},"author":6,"featured_media":0,"comment_status":"closed","ping_status":"closed","sticky":false,"template":"","format":"image","meta":{"_jetpack_memberships_contains_paid_content":false,"footnotes":"","jetpack_publicize_message":"","jetpack_publicize_feature_enabled":true,"jetpack_social_post_already_shared":true,"jetpack_social_options":{"image_generator_settings":{"template":"highway","enabled":false},"version":2}},"categories":[4],"tags":[],"class_list":{"0":"post-41989","1":"post","2":"type-post","3":"status-publish","4":"format-image","6":"category-actualidad","7":"post_format-post-format-image"},"jetpack_publicize_connections":[],"jetpack_sharing_enabled":true,"jetpack_featured_media_url":"","jetpack_shortlink":"https:\/\/wp.me\/p90W9F-aVf","_links":{"self":[{"href":"https:\/\/www.masrojo.com.ar\/home\/wp-json\/wp\/v2\/posts\/41989"}],"collection":[{"href":"https:\/\/www.masrojo.com.ar\/home\/wp-json\/wp\/v2\/posts"}],"about":[{"href":"https:\/\/www.masrojo.com.ar\/home\/wp-json\/wp\/v2\/types\/post"}],"author":[{"embeddable":true,"href":"https:\/\/www.masrojo.com.ar\/home\/wp-json\/wp\/v2\/users\/6"}],"replies":[{"embeddable":true,"href":"https:\/\/www.masrojo.com.ar\/home\/wp-json\/wp\/v2\/comments?post=41989"}],"version-history":[{"count":2,"href":"https:\/\/www.masrojo.com.ar\/home\/wp-json\/wp\/v2\/posts\/41989\/revisions"}],"predecessor-version":[{"id":41997,"href":"https:\/\/www.masrojo.com.ar\/home\/wp-json\/wp\/v2\/posts\/41989\/revisions\/41997"}],"wp:attachment":[{"href":"https:\/\/www.masrojo.com.ar\/home\/wp-json\/wp\/v2\/media?parent=41989"}],"wp:term":[{"taxonomy":"category","embeddable":true,"href":"https:\/\/www.masrojo.com.ar\/home\/wp-json\/wp\/v2\/categories?post=41989"},{"taxonomy":"post_tag","embeddable":true,"href":"https:\/\/www.masrojo.com.ar\/home\/wp-json\/wp\/v2\/tags?post=41989"}],"curies":[{"name":"wp","href":"https:\/\/api.w.org\/{rel}","templated":true}]}}