{"id":41998,"date":"2020-08-18T11:21:00","date_gmt":"2020-08-18T14:21:00","guid":{"rendered":"https:\/\/www.masrojo.com.ar\/home\/?p=41998"},"modified":"2020-08-18T11:21:00","modified_gmt":"2020-08-18T14:21:00","slug":"los-refuerzos-que-busca-pusineri","status":"publish","type":"post","link":"https:\/\/www.masrojo.com.ar\/home\/2020\/08\/18\/los-refuerzos-que-busca-pusineri\/","title":{"rendered":"Los refuerzos que busca Pusineri"},"content":{"rendered":"<p style=\"text-align: justify;\">Tras la reuni\u00f3n que hubo entre dirigentes del Rojo y Lucas Pusineri, van a empezar a gestionar alguna incorporaci\u00f3n.<\/p>\n<p style=\"text-align: justify;\">\u00bfCuales son los puestos que pretende reforzar Pusineri? Un arquero, un defensor, un volante central y un delantero.<\/p>\n<p style=\"text-align: justify;\">El arquero que quiere el entrenador del Rojo es Agust\u00edn Rossi. El club de Avellaneda hizo alg\u00fan sondeo t\u00edmido cuando estaba en plena negociaci\u00f3n con Boca por Silvio Romero e Iv\u00e1n Marcone, pero no pas\u00f3 de esa instancia. Yeison Gordillo, volante central de Deportes Tolima de Colombia, es uno de los nombres por los que m\u00e1s insiste el cuerpo t\u00e9cnico de Independiente. Desde Argentina saldr\u00eda una oferta por un pr\u00e9stamo en las pr\u00f3ximas horas.<\/p>\n<p style=\"text-align: justify;\">Cristian Lema, exjugador de Newells, es uno de los defensores centrales que aparecen en la \u00f3rbita del Diablo. Su pase es del Benfica de Portugal y no ser\u00eda tenido en cuenta por Jorge Jes\u00fas, sin embargo su salario alto es un impedimento grande para que pueda volver a Argentina.<\/p>\n<p style=\"text-align: justify;\">La comisi\u00f3n directiva de Independiente sabe que tiene que darle un gusto a Pusineri despu\u00e9s de haberlo hecho navegar en un mar tan revuelto pero, sin una billetera amplia, tiene que agudizar su ingenio para poder reforzarse sin repetir los errores del pasado que hoy est\u00e1 pagando.<\/p>\n","protected":false},"excerpt":{"rendered":"<div class=\"mh-excerpt\"><p>Tras la reuni\u00f3n que hubo entre dirigentes del Rojo y Lucas Pusineri, van a empezar a gestionar alguna incorporaci\u00f3n. \u00bfCuales son los puestos que pretende reforzar Pusineri? Un arquero, un defensor, un volante central y <a class=\"mh-excerpt-more\" href=\"https:\/\/www.masrojo.com.ar\/home\/2020\/08\/18\/los-refuerzos-que-busca-pusineri\/\" title=\"Los refuerzos que busca Pusineri\">[&#8230;]<\/a><\/p>\n<\/div>","protected":false},"author":6,"featured_media":0,"comment_status":"closed","ping_status":"closed","sticky":false,"template":"","format":"image","meta":{"_jetpack_memberships_contains_paid_content":false,"footnotes":"","jetpack_publicize_message":"","jetpack_publicize_feature_enabled":true,"jetpack_social_post_already_shared":true,"jetpack_social_options":{"image_generator_settings":{"template":"highway","enabled":false},"version":2}},"categories":[4],"tags":[],"class_list":{"0":"post-41998","1":"post","2":"type-post","3":"status-publish","4":"format-image","6":"category-actualidad","7":"post_format-post-format-image"},"jetpack_publicize_connections":[],"jetpack_sharing_enabled":true,"jetpack_featured_media_url":"","jetpack_shortlink":"https:\/\/wp.me\/p90W9F-aVo","_links":{"self":[{"href":"https:\/\/www.masrojo.com.ar\/home\/wp-json\/wp\/v2\/posts\/41998"}],"collection":[{"href":"https:\/\/www.masrojo.com.ar\/home\/wp-json\/wp\/v2\/posts"}],"about":[{"href":"https:\/\/www.masrojo.com.ar\/home\/wp-json\/wp\/v2\/types\/post"}],"author":[{"embeddable":true,"href":"https:\/\/www.masrojo.com.ar\/home\/wp-json\/wp\/v2\/users\/6"}],"replies":[{"embeddable":true,"href":"https:\/\/www.masrojo.com.ar\/home\/wp-json\/wp\/v2\/comments?post=41998"}],"version-history":[{"count":1,"href":"https:\/\/www.masrojo.com.ar\/home\/wp-json\/wp\/v2\/posts\/41998\/revisions"}],"predecessor-version":[{"id":42004,"href":"https:\/\/www.masrojo.com.ar\/home\/wp-json\/wp\/v2\/posts\/41998\/revisions\/42004"}],"wp:attachment":[{"href":"https:\/\/www.masrojo.com.ar\/home\/wp-json\/wp\/v2\/media?parent=41998"}],"wp:term":[{"taxonomy":"category","embeddable":true,"href":"https:\/\/www.masrojo.com.ar\/home\/wp-json\/wp\/v2\/categories?post=41998"},{"taxonomy":"post_tag","embeddable":true,"href":"https:\/\/www.masrojo.com.ar\/home\/wp-json\/wp\/v2\/tags?post=41998"}],"curies":[{"name":"wp","href":"https:\/\/api.w.org\/{rel}","templated":true}]}}