{"id":42005,"date":"2020-08-18T11:23:31","date_gmt":"2020-08-18T14:23:31","guid":{"rendered":"https:\/\/www.masrojo.com.ar\/home\/?p=42005"},"modified":"2020-08-18T11:23:31","modified_gmt":"2020-08-18T14:23:31","slug":"gaibor-termino-el-vinculo-por-falta-de-pago","status":"publish","type":"post","link":"https:\/\/www.masrojo.com.ar\/home\/2020\/08\/18\/gaibor-termino-el-vinculo-por-falta-de-pago\/","title":{"rendered":"\u00abGaibor termin\u00f3 el v\u00ednculo por falta de pago\u00bb"},"content":{"rendered":"<p style=\"text-align: justify;\">\u00a0<strong>Fernando Gaibor<\/strong>, quien se encuentra actualmente en\u00a0<strong>Ecuador<\/strong>, se declar\u00f3 en libertad de acci\u00f3n por falta de pago. Ante esta situaci\u00f3n,\u00a0<strong>Daniel Crespo<\/strong>, su abogado, confirm\u00f3 que \u00ab<span class=\"marker\">en\u00a0<strong>Argentina\u00a0<\/strong>se puede dar el contrato por finalizado cuando se considera que existe causa suficiente. As\u00ed lo considera\u00a0<strong>Gaibor\u00a0<\/strong>y termin\u00f3 el v\u00ednculo por la falta de pago\u201c.<\/span><\/p>\n<p style=\"text-align: justify;\">A medida que continuaba justificando el accionar del futbolista,\u00a0<strong>Crespo\u00a0<\/strong>agreg\u00f3 que\u00a0<span class=\"marker\">\u201csi se aplica el convenio argentino, simplemente con un mes de atraso hay suficiente causa para que el jugador se considere despedido. El convenio de FIFA permite dos per\u00edodos de falta de pago. Ac\u00e1 es m\u00e1s tiempo y son cuestiones previstas\u201d.<\/span><\/p>\n<p style=\"text-align: justify;\">Al ser consultado sobre el monto que el club de\u00a0<strong>Avellaneda\u00a0<\/strong>le debe al jugador, el letrado coment\u00f3: \u201cEl reclamo es por varios salarios y primas, entre 500 y 600 mil d\u00f3lares al valor del d\u00f3lar oficial el d\u00eda que se abone\u201d.<\/p>\n<p style=\"text-align: justify;\">Justamente, el problema de eso parece haber sido que el Rojo dice no deberle nada a\u00a0<strong>Gaibor<\/strong>.<span class=\"marker\">\u00a0\u201cEl problema es que la respuesta de Independiente fue que no le debe a\u00a0<strong>Gaibor\u00a0<\/strong>y ah\u00ed se complic\u00f3 el caso. Se podr\u00eda hacer un plan que permita una negociaci\u00f3n, pero ante esta respuesta tajante, la decisi\u00f3n del jugador tambi\u00e9n es tajante\u201d<\/span>, agreg\u00f3 Crespo, en di\u00e1logo con La Oral Deportiva.<\/p>\n<p style=\"text-align: justify;\"><img data-recalc-dims=\"1\" loading=\"lazy\" decoding=\"async\" src=\"https:\/\/i0.wp.com\/elcrackdeportivo.com.ar\/u\/fotografias\/m\/2020\/8\/18\/f768x400-13447_57350_5050.jpg?resize=768%2C400&#038;ssl=1\" alt=\"Fernando Gaibor se declar\u00f3 como jugador libre y se qued\u00f3 en Ecuador. Adem\u00e1s, reclama una deuda que Independiente dice no existir. Conflicto en puerta. \" width=\"768\" height=\"400\" \/><\/p>\n<p style=\"text-align: justify;\">Ante esta situaci\u00f3n, se espera que el problema termine derivando en una situaci\u00f3n judicial. Independiente espera una respuesta oficial de FIFA, mientras planea una contrademanda de 20 millones de d\u00f3lares. Sobre eso, el defensor del ecuatoriano afirm\u00f3: \u00abCalculo que FIFA responder\u00e1 en este mes. Es posible que Independiente haga una contrademanda, el tema es que se la acepten, no creo que sea procedente\u00bb.<\/p>\n<div class=\"widget-youtube\"><\/div>\n","protected":false},"excerpt":{"rendered":"<div class=\"mh-excerpt\"><p>\u00a0Fernando Gaibor, quien se encuentra actualmente en\u00a0Ecuador, se declar\u00f3 en libertad de acci\u00f3n por falta de pago. Ante esta situaci\u00f3n,\u00a0Daniel Crespo, su abogado, confirm\u00f3 que \u00aben\u00a0Argentina\u00a0se puede dar el contrato por finalizado cuando se considera <a class=\"mh-excerpt-more\" href=\"https:\/\/www.masrojo.com.ar\/home\/2020\/08\/18\/gaibor-termino-el-vinculo-por-falta-de-pago\/\" title=\"\u00abGaibor termin\u00f3 el v\u00ednculo por falta de pago\u00bb\">[&#8230;]<\/a><\/p>\n<\/div>","protected":false},"author":6,"featured_media":0,"comment_status":"closed","ping_status":"closed","sticky":false,"template":"","format":"image","meta":{"_jetpack_memberships_contains_paid_content":false,"footnotes":"","jetpack_publicize_message":"","jetpack_publicize_feature_enabled":true,"jetpack_social_post_already_shared":true,"jetpack_social_options":{"image_generator_settings":{"template":"highway","enabled":false},"version":2}},"categories":[4],"tags":[],"class_list":{"0":"post-42005","1":"post","2":"type-post","3":"status-publish","4":"format-image","6":"category-actualidad","7":"post_format-post-format-image"},"jetpack_publicize_connections":[],"jetpack_sharing_enabled":true,"jetpack_featured_media_url":"","jetpack_shortlink":"https:\/\/wp.me\/p90W9F-aVv","_links":{"self":[{"href":"https:\/\/www.masrojo.com.ar\/home\/wp-json\/wp\/v2\/posts\/42005"}],"collection":[{"href":"https:\/\/www.masrojo.com.ar\/home\/wp-json\/wp\/v2\/posts"}],"about":[{"href":"https:\/\/www.masrojo.com.ar\/home\/wp-json\/wp\/v2\/types\/post"}],"author":[{"embeddable":true,"href":"https:\/\/www.masrojo.com.ar\/home\/wp-json\/wp\/v2\/users\/6"}],"replies":[{"embeddable":true,"href":"https:\/\/www.masrojo.com.ar\/home\/wp-json\/wp\/v2\/comments?post=42005"}],"version-history":[{"count":1,"href":"https:\/\/www.masrojo.com.ar\/home\/wp-json\/wp\/v2\/posts\/42005\/revisions"}],"predecessor-version":[{"id":42011,"href":"https:\/\/www.masrojo.com.ar\/home\/wp-json\/wp\/v2\/posts\/42005\/revisions\/42011"}],"wp:attachment":[{"href":"https:\/\/www.masrojo.com.ar\/home\/wp-json\/wp\/v2\/media?parent=42005"}],"wp:term":[{"taxonomy":"category","embeddable":true,"href":"https:\/\/www.masrojo.com.ar\/home\/wp-json\/wp\/v2\/categories?post=42005"},{"taxonomy":"post_tag","embeddable":true,"href":"https:\/\/www.masrojo.com.ar\/home\/wp-json\/wp\/v2\/tags?post=42005"}],"curies":[{"name":"wp","href":"https:\/\/api.w.org\/{rel}","templated":true}]}}