{"id":42012,"date":"2020-08-17T11:28:07","date_gmt":"2020-08-17T14:28:07","guid":{"rendered":"https:\/\/www.masrojo.com.ar\/home\/?p=42012"},"modified":"2020-08-19T13:03:22","modified_gmt":"2020-08-19T16:03:22","slug":"bustos-listo-para-sumarse-a-los-entrenamientos","status":"publish","type":"post","link":"https:\/\/www.masrojo.com.ar\/home\/2020\/08\/17\/bustos-listo-para-sumarse-a-los-entrenamientos\/","title":{"rendered":"Bustos, listo para sumarse a los entrenamientos"},"content":{"rendered":"<div class=\"grid nota\">\n<div class=\"row\" data-type=\"seccion\">\n<div class=\"col-4 wrap-nota sticky\" data-type=\"region\" data-name=\"nota-content\" data-columns=\"8\">\n<div class=\"article-feed nota-comun\" data-io-article-url=\"https:\/\/www.tycsports.com\/independiente\/independiente-bustos-listo-para-sumarse-a-los-entrenamientos-20200817.html\">\n<article class=\"article infinite-scroll-banner\">\n<div class=\"articleTop\">\n<h2 class=\"bajada\" style=\"text-align: justify;\">El lateral del Rojo dio negativo por coronavirus en un nuevo hisopado y se sumar\u00e1 a las pr\u00e1cticas en Villa Dom\u00ednico.<\/h2>\n<\/div>\n<div class=\"articleMedia\" style=\"text-align: justify;\">\n<div class=\"image\"><picture><source srcset=\"https:\/\/media.tycsports.com\/files\/2020\/08\/12\/111628\/bustos_416x234.jpg?v=1\" media=\"(max-width: 480px) \" data-srcset=\"https:\/\/media.tycsports.com\/files\/2020\/08\/12\/111628\/bustos_416x234.jpg?v=1\" \/><img data-recalc-dims=\"1\" decoding=\"async\" class=\" lazyloaded\" src=\"https:\/\/i0.wp.com\/media.tycsports.com\/files\/2020\/08\/12\/111628\/bustos_862x485.jpg?ssl=1\" alt=\"Independiente: Bustos, listo para sumarse a los entrenamientos\" data-src=\"https:\/\/media.tycsports.com\/files\/2020\/08\/12\/111628\/bustos_862x485.jpg?v=1\" \/><\/picture><\/div>\n<\/div>\n<div class=\"articleBody\">\n<div class=\"side\" style=\"text-align: justify;\">\n<div class=\"card\"><\/div>\n<div class=\"share sticky\"><\/div>\n<\/div>\n<div class=\"content\">\n<div class=\"body\">\n<p class=\"capital\" style=\"text-align: justify;\">Fabricio Bustos, lateral derecho de Independiente, ya est\u00e1 a disposici\u00f3n para sumarse a los entrenamientos del plantel, luego de haber dado negativo por coronavirus en un nuevo hisopado.<\/p>\n<div id=\"hybs-mslot-2327-0\" class=\"hybs-mslot\" style=\"text-align: justify;\"><\/div>\n<div style=\"text-align: justify;\" align=\"center\">\n<div id=\"inline\" data-google-query-id=\"CJ3Coef6pOsCFYMwuQYdWWoIMQ\">\n<div id=\"google_ads_iframe_\/125006397\/tyc\/nota\/inline_0__container__\"><iframe id=\"google_ads_iframe_\/125006397\/tyc\/nota\/inline_0\" title=\"3rd party ad content\" name=\"google_ads_iframe_\/125006397\/tyc\/nota\/inline_0\" width=\"1\" height=\"1\" frameborder=\"0\" marginwidth=\"0\" marginheight=\"0\" scrolling=\"no\" data-google-container-id=\"e\" data-load-complete=\"true\" data-mce-fragment=\"1\"><\/iframe><\/div>\n<\/div>\n<\/div>\n<p style=\"text-align: justify;\">El futbolista fue uno de los dos casos de Covid-19 registrados en el Rojo (junto a Mauro Molina). El jugador ya hab\u00eda dado negativo anteriormente en un PCR el domingo 9 de agosto, aunque se someti\u00f3 a un nuevo an\u00e1lisis para tener m\u00e1s seguridad.<\/p>\n<div id=\"genoa_player_id_112659\" class=\"genoa_player mrf-iframeVideo\">\n<div class=\"genoa-embed-content-967613\">\n<div class=\"videojs vjs-fluid\">\n<div class=\"video-inner-container\">\n<div id=\"content-967613\" class=\"video-js vjs-big-play-centered vjs-paused vjs-fluid content-967613-dimensions vjs-controls-enabled vjs-workinghover vjs-v7 vjs-user-active vjs-hls-quality-selector\" lang=\"es\" style=\"text-align: justify;\" tabindex=\"-1\" role=\"region\" aria-label=\"Video Player\"><\/div>\n<\/div>\n<\/div>\n<\/div>\n<\/div>\n<\/div>\n<\/div>\n<\/div>\n<\/article>\n<\/div>\n<\/div>\n<\/div>\n<\/div>\n","protected":false},"excerpt":{"rendered":"<div class=\"mh-excerpt\"><p>El lateral del Rojo dio negativo por coronavirus en un nuevo hisopado y se sumar\u00e1 a las pr\u00e1cticas en Villa Dom\u00ednico. Fabricio Bustos, lateral derecho de Independiente, ya est\u00e1 a disposici\u00f3n para sumarse a los <a class=\"mh-excerpt-more\" href=\"https:\/\/www.masrojo.com.ar\/home\/2020\/08\/17\/bustos-listo-para-sumarse-a-los-entrenamientos\/\" title=\"Bustos, listo para sumarse a los entrenamientos\">[&#8230;]<\/a><\/p>\n<\/div>","protected":false},"author":6,"featured_media":0,"comment_status":"closed","ping_status":"closed","sticky":false,"template":"","format":"image","meta":{"_jetpack_memberships_contains_paid_content":false,"footnotes":"","jetpack_publicize_message":"","jetpack_publicize_feature_enabled":true,"jetpack_social_post_already_shared":true,"jetpack_social_options":{"image_generator_settings":{"template":"highway","enabled":false},"version":2}},"categories":[4],"tags":[],"class_list":{"0":"post-42012","1":"post","2":"type-post","3":"status-publish","4":"format-image","6":"category-actualidad","7":"post_format-post-format-image"},"jetpack_publicize_connections":[],"jetpack_sharing_enabled":true,"jetpack_featured_media_url":"","jetpack_shortlink":"https:\/\/wp.me\/p90W9F-aVC","_links":{"self":[{"href":"https:\/\/www.masrojo.com.ar\/home\/wp-json\/wp\/v2\/posts\/42012"}],"collection":[{"href":"https:\/\/www.masrojo.com.ar\/home\/wp-json\/wp\/v2\/posts"}],"about":[{"href":"https:\/\/www.masrojo.com.ar\/home\/wp-json\/wp\/v2\/types\/post"}],"author":[{"embeddable":true,"href":"https:\/\/www.masrojo.com.ar\/home\/wp-json\/wp\/v2\/users\/6"}],"replies":[{"embeddable":true,"href":"https:\/\/www.masrojo.com.ar\/home\/wp-json\/wp\/v2\/comments?post=42012"}],"version-history":[{"count":1,"href":"https:\/\/www.masrojo.com.ar\/home\/wp-json\/wp\/v2\/posts\/42012\/revisions"}],"predecessor-version":[{"id":42018,"href":"https:\/\/www.masrojo.com.ar\/home\/wp-json\/wp\/v2\/posts\/42012\/revisions\/42018"}],"wp:attachment":[{"href":"https:\/\/www.masrojo.com.ar\/home\/wp-json\/wp\/v2\/media?parent=42012"}],"wp:term":[{"taxonomy":"category","embeddable":true,"href":"https:\/\/www.masrojo.com.ar\/home\/wp-json\/wp\/v2\/categories?post=42012"},{"taxonomy":"post_tag","embeddable":true,"href":"https:\/\/www.masrojo.com.ar\/home\/wp-json\/wp\/v2\/tags?post=42012"}],"curies":[{"name":"wp","href":"https:\/\/api.w.org\/{rel}","templated":true}]}}