{"id":42019,"date":"2020-08-18T16:12:49","date_gmt":"2020-08-18T19:12:49","guid":{"rendered":"https:\/\/www.masrojo.com.ar\/home\/?p=42019"},"modified":"2020-08-18T16:12:49","modified_gmt":"2020-08-18T19:12:49","slug":"me-voy-a-quedar-un-buen-tiempo-en-independiente","status":"publish","type":"post","link":"https:\/\/www.masrojo.com.ar\/home\/2020\/08\/18\/me-voy-a-quedar-un-buen-tiempo-en-independiente\/","title":{"rendered":"\u00abMe voy a quedar un buen tiempo en Independiente\u00bb"},"content":{"rendered":"<p style=\"text-align: justify;\">Luego de sellar su nuevo contrato y extender el v\u00ednculo con Independiente, Silvio Romero habl\u00f3 de todo lo que pas\u00f3 durante la negociaci\u00f3n con el Rojo y la chance que tuvo de pasar a Boca.<\/p>\n<p class=\"font_tertiary paragraph\" style=\"text-align: justify;\">Despu\u00e9s de una interminable novela que dur\u00f3 semanas y vincul\u00f3 seriamente al delantero cordob\u00e9s con Boca, se descart\u00f3 de plano esa posibilidad para tranquilidad de Lucas Pusineri.<\/p>\n<p class=\"font_tertiary paragraph\" style=\"text-align: justify;\">\u201c<b>En este mercado seguramente no salga, me voy a quedar un buen tiempo en Independiente.\u00a0<\/b>A enfocarnos y ponernos en la cabeza las competiciones que tenemos por delante en el club y tener la posibilidad de ganar algo para devolver el esfuerzo que han hecho para que sigamos juntos\u201d, coment\u00f3 en di\u00e1logo con el programa\u00a0<i>L\u00edbero\u00a0<\/i>(TyC Sports).<\/p>\n<p style=\"text-align: justify;\">\n<div id=\"google_image_div\" style=\"text-align: justify;\"><b>\u201cSent\u00ed que estaba afuera de Independiente pero no por la negociaci\u00f3n con Boca sino por el desgaste que ten\u00edamos desde que arranc\u00f3 la cuarentena, el tema econ\u00f3mico, las cartas documento&#8230; Sab\u00edamos que no iba a ser sencillo continuar.\u00a0<\/b>Por suerte hubo un sinceramiento, se habl\u00f3 de lo bueno y lo malo y llegamos a un quiebre para bien que hizo que barajemos otra vez la posibilidad de seguir\u201d, confes\u00f3.<\/div>\n<div style=\"text-align: justify;\"><\/div>\n<div style=\"text-align: justify;\"><\/div>\n<p class=\"font_tertiary paragraph\" style=\"text-align: justify;\"><b>\u00bfPor qu\u00e9 no se concret\u00f3 su pase a Boca?\u00a0<\/b>Romero manifest\u00f3: \u201cSiempre me mantuve al margen para que los clubes llegaran a buen puerto y un acuerdo entre ellos. Fue un poco de todo. Del lado de Boca tampoco fue una prioridad que me compraran por la cl\u00e1usula, estaban predispuestos a que todo llegara a buen puerto. Pero prioric\u00e9 mi lugar en Independiente, c\u00f3mo est\u00e1 mi familia, c\u00f3mo se siente identificada con el club&#8230; Y las charlas previas que tuve (con los dirigentes del Rojo) me ayudaron bastante. Fue un combo de cosas y hoy tengo la satisfacci\u00f3n de continuar en un club donde me siento muy querido. El cari\u00f1o de la gente no se consigue tan f\u00e1cil y no quer\u00eda desprenderme de eso tan f\u00e1cil\u201d. Y agreg\u00f3: \u201c<b>Tengo un aprecio muy grande por el club y eso hizo que priorice un mont\u00f3n de cosas a la hora de tomar la decisi\u00f3n. Me tir\u00f3 m\u00e1s el lado de lo familiar y c\u00f3mo estamos, c\u00f3mo nos sentimos en el club\u201d.<\/b><\/p>\n<p class=\"font_tertiary paragraph\" style=\"text-align: justify;\">En el conjunto conducido por Pusineri el ex Instituto de C\u00f3rdoba fue goleador, es referente y capit\u00e1n. En Boca iba a tener que ganarse el puesto. Y a esa lucha tambi\u00e9n hizo referencia: \u201cEn Independiente vamos a tener competencia porque llegar\u00e1n compa\u00f1eros nuevos y la exigencia es alta igual, por m\u00e1s que no haya tanta competencia interna como en Boca\u201d. Sobre sus contactos con la directiva de la Ribera, blanque\u00f3:<b>\u00a0\u201cIntercambiamos mensajes y siempre hubo una cuesti\u00f3n de respeto. Se manejaron bien tanto conmigo como con mi agente y les agradec\u00ed y cont\u00e9 cu\u00e1les eran mis intenciones. Solamente habl\u00e9 con el Consejo de F\u00fatbol, no con el entrenador (Miguel \u00c1ngel Russo)\u201d.<\/b><\/p>\n<p style=\"text-align: justify;\">\n<p style=\"text-align: justify;\">Por otra parte, el\u00a0<i>Chino\u00a0<\/i>valor\u00f3 la llegada de<b>\u00a0Jorge Burruchaga<\/b>\u00a0como manager para encargarse de los temas coyunturales y necesidades que tiene el plantel. Y sobre su relaci\u00f3n con\u00a0<b>Pablo Moyano\u00a0<\/b>(vicepresidente primero) concluy\u00f3: \u201cPlanteamos todo lo que pas\u00f3 y lo que queremos que pase de ahora en adelante. \u00c9l fue el encargado del blanqueamiento por todo lo que hab\u00eda pasado y que esperamos que siga. Habl\u00e9 3 \u00f3 4 veces en este \u00faltimo tiempo. Que \u00e9l est\u00e9 m\u00e1s involucrado en el d\u00eda a d\u00eda es un respaldo que no ten\u00edamos \u00faltimamente en el plantel y es muy importante\u201d.<\/p>\n<div style=\"bottom: 0; right: 0; width: 86px; height: 250px; background: initial; position: absolute; max-width: 100%; max-height: 100%; pointer-events: none; image-rendering: pixelated; z-index: 2147483647; background-image: url(&amp;#39; data: image\/png;\"><\/div>\n<div id=\"google_image_div\"><\/div>\n<p>&nbsp;<\/p>\n<div style=\"bottom: 0; right: 0; width: 86px; height: 250px; background: initial; position: absolute; max-width: 100%; max-height: 100%; pointer-events: none; image-rendering: pixelated; z-index: 2147483647; background-image: url(&amp;#39; data: image\/png;\"><\/div>\n","protected":false},"excerpt":{"rendered":"<div class=\"mh-excerpt\"><p>Luego de sellar su nuevo contrato y extender el v\u00ednculo con Independiente, Silvio Romero habl\u00f3 de todo lo que pas\u00f3 durante la negociaci\u00f3n con el Rojo y la chance que tuvo de pasar a Boca. <a class=\"mh-excerpt-more\" href=\"https:\/\/www.masrojo.com.ar\/home\/2020\/08\/18\/me-voy-a-quedar-un-buen-tiempo-en-independiente\/\" title=\"\u00abMe voy a quedar un buen tiempo en Independiente\u00bb\">[&#8230;]<\/a><\/p>\n<\/div>","protected":false},"author":6,"featured_media":0,"comment_status":"closed","ping_status":"closed","sticky":false,"template":"","format":"image","meta":{"_jetpack_memberships_contains_paid_content":false,"footnotes":"","jetpack_publicize_message":"","jetpack_publicize_feature_enabled":true,"jetpack_social_post_already_shared":true,"jetpack_social_options":{"image_generator_settings":{"template":"highway","enabled":false},"version":2}},"categories":[4],"tags":[],"class_list":{"0":"post-42019","1":"post","2":"type-post","3":"status-publish","4":"format-image","6":"category-actualidad","7":"post_format-post-format-image"},"jetpack_publicize_connections":[],"jetpack_sharing_enabled":true,"jetpack_featured_media_url":"","jetpack_shortlink":"https:\/\/wp.me\/p90W9F-aVJ","_links":{"self":[{"href":"https:\/\/www.masrojo.com.ar\/home\/wp-json\/wp\/v2\/posts\/42019"}],"collection":[{"href":"https:\/\/www.masrojo.com.ar\/home\/wp-json\/wp\/v2\/posts"}],"about":[{"href":"https:\/\/www.masrojo.com.ar\/home\/wp-json\/wp\/v2\/types\/post"}],"author":[{"embeddable":true,"href":"https:\/\/www.masrojo.com.ar\/home\/wp-json\/wp\/v2\/users\/6"}],"replies":[{"embeddable":true,"href":"https:\/\/www.masrojo.com.ar\/home\/wp-json\/wp\/v2\/comments?post=42019"}],"version-history":[{"count":2,"href":"https:\/\/www.masrojo.com.ar\/home\/wp-json\/wp\/v2\/posts\/42019\/revisions"}],"predecessor-version":[{"id":42026,"href":"https:\/\/www.masrojo.com.ar\/home\/wp-json\/wp\/v2\/posts\/42019\/revisions\/42026"}],"wp:attachment":[{"href":"https:\/\/www.masrojo.com.ar\/home\/wp-json\/wp\/v2\/media?parent=42019"}],"wp:term":[{"taxonomy":"category","embeddable":true,"href":"https:\/\/www.masrojo.com.ar\/home\/wp-json\/wp\/v2\/categories?post=42019"},{"taxonomy":"post_tag","embeddable":true,"href":"https:\/\/www.masrojo.com.ar\/home\/wp-json\/wp\/v2\/tags?post=42019"}],"curies":[{"name":"wp","href":"https:\/\/api.w.org\/{rel}","templated":true}]}}