{"id":42037,"date":"2020-08-18T21:37:27","date_gmt":"2020-08-19T00:37:27","guid":{"rendered":"https:\/\/www.masrojo.com.ar\/home\/?p=42037"},"modified":"2020-08-18T21:37:27","modified_gmt":"2020-08-19T00:37:27","slug":"se-queda-campana","status":"publish","type":"post","link":"https:\/\/www.masrojo.com.ar\/home\/2020\/08\/18\/se-queda-campana\/","title":{"rendered":"\u00bfSE QUEDA CAMPA\u00d1A?"},"content":{"rendered":"<p style=\"text-align: justify;\"><em>Jorge Burruchaga, manager de Independiente, asegur\u00f3 que hay posibilidades de que\u00a0Mart\u00edn Campa\u00f1a\u00a0siga en el club, a pesar\u00a0de que intim\u00f3 al club tres veces e incluso decidi\u00f3 rescindir su v\u00ednculo.<\/em><\/p>\n<div class=\"articleTop\" style=\"text-align: justify;\">\n<p class=\"bajada\"><em>El manager de Independiente asegura que el arquero uruguayo \u00absigue siendo jugador del club\u00bb y que va a \u00abintentar convencerlo\u00bb de que contin\u00fae.<\/em><\/p>\n<\/div>\n<p style=\"text-align: justify;\"><em>\u00abCon Campa\u00f1a no habl\u00e9 nunca. Tanto\u00a0Lucas Pusineri\u00a0como yo lo consideramos fundamental. Hasta ahora sigue siendo jugador del club\u00a0<b>porque as\u00ed lo vincula el contrato.<\/b>\u00a0Hab\u00eda una oferta de Pumas pero no se dio\u00bb, explic\u00f3 el dirigente.<\/em><\/p>\n<p style=\"text-align: justify;\"><em><b>\u00abExisten chances de que Campa\u00f1a se quede y hasta el \u00faltimo momento lo vamos a intentar. Mi funci\u00f3n es intentar convencerlo\u00bb<\/b>, agreg\u00f3 en una entrevista con\u00a0Jogo Bonito (FM Late 93.1).<\/em><\/p>\n<p><img data-recalc-dims=\"1\" loading=\"lazy\" decoding=\"async\" class=\"aligncenter size-full wp-image-39569\" src=\"https:\/\/i0.wp.com\/www.masrojo.com.ar\/home\/wp-content\/uploads\/burruchaga0312-926109.jpg?resize=1140%2C641&#038;ssl=1\" alt=\"\" width=\"1140\" height=\"641\" \/><\/p>\n<p style=\"text-align: justify;\"><em>A su vez, dijo que se comunic\u00f3 con\u00a0Juan S\u00e1nchez Mi\u00f1o, quien \u00abeligi\u00f3 algo diferente\u00bb a lo de\u00a0Silvio Romero. \u00abLa idea era prolongarle el contrato.\u00a0<b>Hoy es jugador de Independiente y, si quiere irse, tendr\u00e1 que negociar\u00bb,<\/b>\u00a0dijo.<\/em><\/p>\n<p style=\"text-align: justify;\"><em>Por otra parte, destac\u00f3 la actitud del delantero, quien\u00a0sell\u00f3 su renovaci\u00f3n hasta 2023. \u00abEs el capit\u00e1n del equipo y goleador del torneo.<b>\u00a0La gente tiene un cari\u00f1o especial por \u00e9l. Se hablaron muchas cosas pero hoy es jugador del club y ya prolong\u00f3 el contrato\u00bb.<\/b><\/em><\/p>\n<p style=\"text-align: justify;\"><em>Por \u00faltimo, Burruchaga se refiri\u00f3 a la posibilidad de que haya una fecha de cl\u00e1sicos en el pr\u00f3ximo torneo.\u00a0<b>\u00abYo particularmente no tendr\u00eda problema en jugar el cl\u00e1sico.<\/b>\u00a0No hablamos todav\u00eda con los dirigentes acerca de esto. No s\u00e9 el motivo por los cuales algunos no quieren jugar\u00bb, sentenci\u00f3.<\/em><\/p>\n<p><iframe loading=\"lazy\" src=\"\/\/radiocut.fm\/audiocut\/embed\/mini\/independiente-jburruchaga-en-jogobonito2020-por-late931oficial\/\" width=\"100%\" height=\"65px\" frameborder=\"no\" scrolling=\"no\"><\/iframe><\/p>\n","protected":false},"excerpt":{"rendered":"<div class=\"mh-excerpt\"><p>Jorge Burruchaga, manager de Independiente, asegur\u00f3 que hay posibilidades de que\u00a0Mart\u00edn Campa\u00f1a\u00a0siga en el club, a pesar\u00a0de que intim\u00f3 al club tres veces e incluso decidi\u00f3 rescindir su v\u00ednculo. El manager de Independiente asegura que <a class=\"mh-excerpt-more\" href=\"https:\/\/www.masrojo.com.ar\/home\/2020\/08\/18\/se-queda-campana\/\" title=\"\u00bfSE QUEDA CAMPA\u00d1A?\">[&#8230;]<\/a><\/p>\n<\/div>","protected":false},"author":6,"featured_media":0,"comment_status":"closed","ping_status":"closed","sticky":false,"template":"","format":"audio","meta":{"_jetpack_memberships_contains_paid_content":false,"footnotes":"","jetpack_publicize_message":"","jetpack_publicize_feature_enabled":true,"jetpack_social_post_already_shared":true,"jetpack_social_options":{"image_generator_settings":{"template":"highway","enabled":false},"version":2}},"categories":[4],"tags":[],"class_list":{"0":"post-42037","1":"post","2":"type-post","3":"status-publish","4":"format-audio","6":"category-actualidad","7":"post_format-post-format-audio"},"jetpack_publicize_connections":[],"jetpack_sharing_enabled":true,"jetpack_featured_media_url":"","jetpack_shortlink":"https:\/\/wp.me\/p90W9F-aW1","_links":{"self":[{"href":"https:\/\/www.masrojo.com.ar\/home\/wp-json\/wp\/v2\/posts\/42037"}],"collection":[{"href":"https:\/\/www.masrojo.com.ar\/home\/wp-json\/wp\/v2\/posts"}],"about":[{"href":"https:\/\/www.masrojo.com.ar\/home\/wp-json\/wp\/v2\/types\/post"}],"author":[{"embeddable":true,"href":"https:\/\/www.masrojo.com.ar\/home\/wp-json\/wp\/v2\/users\/6"}],"replies":[{"embeddable":true,"href":"https:\/\/www.masrojo.com.ar\/home\/wp-json\/wp\/v2\/comments?post=42037"}],"version-history":[{"count":1,"href":"https:\/\/www.masrojo.com.ar\/home\/wp-json\/wp\/v2\/posts\/42037\/revisions"}],"predecessor-version":[{"id":42043,"href":"https:\/\/www.masrojo.com.ar\/home\/wp-json\/wp\/v2\/posts\/42037\/revisions\/42043"}],"wp:attachment":[{"href":"https:\/\/www.masrojo.com.ar\/home\/wp-json\/wp\/v2\/media?parent=42037"}],"wp:term":[{"taxonomy":"category","embeddable":true,"href":"https:\/\/www.masrojo.com.ar\/home\/wp-json\/wp\/v2\/categories?post=42037"},{"taxonomy":"post_tag","embeddable":true,"href":"https:\/\/www.masrojo.com.ar\/home\/wp-json\/wp\/v2\/tags?post=42037"}],"curies":[{"name":"wp","href":"https:\/\/api.w.org\/{rel}","templated":true}]}}