{"id":42102,"date":"2020-08-20T11:14:29","date_gmt":"2020-08-20T14:14:29","guid":{"rendered":"https:\/\/www.masrojo.com.ar\/home\/?p=42102"},"modified":"2020-08-20T11:14:29","modified_gmt":"2020-08-20T14:14:29","slug":"plan-canje-delgado-por-sanchez-mino","status":"publish","type":"post","link":"https:\/\/www.masrojo.com.ar\/home\/2020\/08\/20\/plan-canje-delgado-por-sanchez-mino\/","title":{"rendered":"PLAN CANJE: \u00bfDELGADO POR S\u00c1NCHEZ MI\u00d1O?"},"content":{"rendered":"<div class=\"entry-title col-lg-6 col-md-12 col-sm-12 col-xs-12\">\n<div class=\"title\">\n<div class=\"bajada\">\n<div class=\"news-header-description\" style=\"text-align: justify;\">En las \u00faltimas horas se conoci\u00f3 que Independiente va a la carga por Rafael Delgado y en la operaci\u00f3n podr\u00eda darse la llegada de Juan S\u00e1nchez Mi\u00f1o a Col\u00f3n.<\/div>\n<\/div>\n<\/div>\n<\/div>\n<p id=\"galeria-trigger\" class=\"entry-media no-p main-image col-lg-12 col-md-12 \" style=\"text-align: justify;\"><strong>En las \u00faltimas horas otro futbolista comenz\u00f3 a estar en el radar del Rojo: Rafael Delgado.<\/strong>\u00a0El lateral de 30 a\u00f1os se encontraba en conflicto con Col\u00f3n, que le deb\u00eda dinero.\u00a0<strong>Se especul\u00f3 con a posibilidad de que pudiera quedar libre, pero la dirigencia del club de Santa Fe le pag\u00f3 el monto adeudado.<\/strong><\/p>\n<p style=\"text-align: justify;\"><img data-recalc-dims=\"1\" decoding=\"async\" src=\"https:\/\/i0.wp.com\/media.unosantafe.com.ar\/adjuntos\/204\/imagenes\/027\/893\/0027893535.jpg?ssl=1\" alt=\"Rafael Delgado es buscado por Independiente, quien le ofrecer&amp;iacute;a a S&amp;aacute;nchez Mi&amp;ntilde;o a Col&amp;oacute;n.\" \/><\/p>\n<p style=\"text-align: justify;\"><strong>Rafael Delgado fue uno de los jugadores de Col\u00f3n que envi\u00f3 una carta documento para reclamar una importante deuda.<\/strong> Los dirigentes se juntaron con el jugador y en las pr\u00f3ximas horas todo lo que se acord\u00f3 de palabra ser\u00e1 firmado, y de esta manera se solucionar\u00e1 uno de los focos de conflictos desatados en los \u00faltimos d\u00edas.<\/p>\n<p style=\"text-align: justify;\">En cuanto a la negociaci\u00f3n entren Col\u00f3n y Delgado, m\u00e1s all\u00e1 de haber llegado a un acuerdo por la deuda que se manten\u00eda, tambi\u00e9n\u00a0<strong>el club debe completar el pago a Defensa y Justicia.<\/strong>\u00a0Vale recordar que para comenzar a saldar dicho compromiso se fue Nicol\u00e1s Leguizam\u00f3n nuevamente a pr\u00e9stamo al Halc\u00f3n, que por delante tiene la disputa de la fase de grupos de la Copa Libertadores de Am\u00e9rica.<\/p>\n<p style=\"text-align: justify;\"><img data-recalc-dims=\"1\" decoding=\"async\" src=\"https:\/\/i0.wp.com\/media.lacapital.com.ar\/adjuntos\/204\/imagenes\/028\/649\/0028649001.png?ssl=1\" alt=\"Col\u00f3n: \u00bfse viene el trueque S\u00e1nchez Mi\u00f1o por Delgado?\" \/><\/p>\n<p style=\"text-align: justify;\"><strong>En el Sabalero est\u00e1n interesados en S\u00e1nchez Mi\u00f1o<\/strong>, quien tiene contrato con Independiente hasta el 30 de junio de 2021. Los directivos del conjunto santafesino\u00a0<strong>deslizaron la posibilidad de efectuar un canje<\/strong>. De esta forma, Delgado podr\u00eda llegar a pr\u00e9stamo a Avellaneda a cambio de la cesi\u00f3n del ex Boca y Estudiantes<\/p>\n","protected":false},"excerpt":{"rendered":"<div class=\"mh-excerpt\"><p>En las \u00faltimas horas se conoci\u00f3 que Independiente va a la carga por Rafael Delgado y en la operaci\u00f3n podr\u00eda darse la llegada de Juan S\u00e1nchez Mi\u00f1o a Col\u00f3n. En las \u00faltimas horas otro futbolista <a class=\"mh-excerpt-more\" href=\"https:\/\/www.masrojo.com.ar\/home\/2020\/08\/20\/plan-canje-delgado-por-sanchez-mino\/\" title=\"PLAN CANJE: \u00bfDELGADO POR S\u00c1NCHEZ MI\u00d1O?\">[&#8230;]<\/a><\/p>\n<\/div>","protected":false},"author":6,"featured_media":0,"comment_status":"closed","ping_status":"closed","sticky":false,"template":"","format":"image","meta":{"_jetpack_memberships_contains_paid_content":false,"footnotes":"","jetpack_publicize_message":"","jetpack_publicize_feature_enabled":true,"jetpack_social_post_already_shared":true,"jetpack_social_options":{"image_generator_settings":{"template":"highway","enabled":false},"version":2}},"categories":[4],"tags":[],"class_list":{"0":"post-42102","1":"post","2":"type-post","3":"status-publish","4":"format-image","6":"category-actualidad","7":"post_format-post-format-image"},"jetpack_publicize_connections":[],"jetpack_sharing_enabled":true,"jetpack_featured_media_url":"","jetpack_shortlink":"https:\/\/wp.me\/p90W9F-aX4","_links":{"self":[{"href":"https:\/\/www.masrojo.com.ar\/home\/wp-json\/wp\/v2\/posts\/42102"}],"collection":[{"href":"https:\/\/www.masrojo.com.ar\/home\/wp-json\/wp\/v2\/posts"}],"about":[{"href":"https:\/\/www.masrojo.com.ar\/home\/wp-json\/wp\/v2\/types\/post"}],"author":[{"embeddable":true,"href":"https:\/\/www.masrojo.com.ar\/home\/wp-json\/wp\/v2\/users\/6"}],"replies":[{"embeddable":true,"href":"https:\/\/www.masrojo.com.ar\/home\/wp-json\/wp\/v2\/comments?post=42102"}],"version-history":[{"count":2,"href":"https:\/\/www.masrojo.com.ar\/home\/wp-json\/wp\/v2\/posts\/42102\/revisions"}],"predecessor-version":[{"id":42110,"href":"https:\/\/www.masrojo.com.ar\/home\/wp-json\/wp\/v2\/posts\/42102\/revisions\/42110"}],"wp:attachment":[{"href":"https:\/\/www.masrojo.com.ar\/home\/wp-json\/wp\/v2\/media?parent=42102"}],"wp:term":[{"taxonomy":"category","embeddable":true,"href":"https:\/\/www.masrojo.com.ar\/home\/wp-json\/wp\/v2\/categories?post=42102"},{"taxonomy":"post_tag","embeddable":true,"href":"https:\/\/www.masrojo.com.ar\/home\/wp-json\/wp\/v2\/tags?post=42102"}],"curies":[{"name":"wp","href":"https:\/\/api.w.org\/{rel}","templated":true}]}}