{"id":42111,"date":"2020-08-21T10:15:17","date_gmt":"2020-08-21T13:15:17","guid":{"rendered":"https:\/\/www.masrojo.com.ar\/home\/?p=42111"},"modified":"2020-08-21T10:15:17","modified_gmt":"2020-08-21T13:15:17","slug":"el-alquiler-del-libertadores-ayuda-a-bajar-la-deuda-de-barboza","status":"publish","type":"post","link":"https:\/\/www.masrojo.com.ar\/home\/2020\/08\/21\/el-alquiler-del-libertadores-ayuda-a-bajar-la-deuda-de-barboza\/","title":{"rendered":"El alquiler del Libertadores ayuda a bajar la deuda de Barboza"},"content":{"rendered":"<p style=\"text-align: justify;\"><span style=\"font-family: helvetica, arial, sans-serif;\"><em>Por las obras de remodelaci\u00f3n que lleva adelante River en el Monumental, el millonario no podr\u00e1 utilizar su estadio hasta 2021. Por ello, debe recurrir a utilizar uno ajeno en las presentaciones de Copa Libertadores. Independiente le alquilar\u00e1 el suyo. \u00bfA qu\u00e9 precio?<\/em><\/span><\/p>\n<p style=\"text-align: justify;\"><span style=\"font-family: helvetica, arial, sans-serif;\"><em>En las \u00faltimas horas, se confirm\u00f3 que River utilizar\u00e1 el Estadio Libertadores de Am\u00e9rica para oficiar de local a lo largo de la reanudaci\u00f3n de la Copa.<\/em><\/span><\/p>\n<p style=\"text-align: justify;\"><span style=\"font-family: helvetica, arial, sans-serif;\"><em>A pesar de que la primera idea era utilizar el Jos\u00e9 Amalfitani, los de N\u00fa\u00f1ez debieron buscar otra alternativa por una resoluci\u00f3n de Conmebol que lo imped\u00eda.<\/em><\/span><\/p>\n<p style=\"text-align: justify;\"><span style=\"font-family: helvetica, arial, sans-serif;\"><em>All\u00ed apareci\u00f3 la opci\u00f3n del estadio del rojo, que tuvo el visto bueno de Gallardo. R\u00e1pidamente hubo acuerdo entre las partes y aprobaci\u00f3n de Conmebol. \u00bfCu\u00e1nto deber\u00e1 pagar River?<\/em><\/span><\/p>\n<p style=\"text-align: justify;\"><span style=\"font-family: helvetica, arial, sans-serif;\"><em>Independiente taz\u00f3 la utilizaci\u00f3n en una cifra cercana a 80.000 d\u00f3lares por encuentro. Sin embargo, al tener el club de Avellaneda una deuda vigente con el millo, se le descontar\u00e1 de la cifra que adeuda.<\/em><\/span><\/p>\n<p style=\"text-align: justify;\"><span style=\"font-family: helvetica, arial, sans-serif;\"><em>La dirigencia que conduce Hugo Moyano le debe a River 750.000 d\u00f3lares por el pase de Alexander Barboza. Cada partido que River utilice el estadio, restar\u00e1 80.000 a lo que se le debe.<\/em><\/span><\/p>\n","protected":false},"excerpt":{"rendered":"<div class=\"mh-excerpt\"><p>Por las obras de remodelaci\u00f3n que lleva adelante River en el Monumental, el millonario no podr\u00e1 utilizar su estadio hasta 2021. Por ello, debe recurrir a utilizar uno ajeno en las presentaciones de Copa Libertadores. <a class=\"mh-excerpt-more\" href=\"https:\/\/www.masrojo.com.ar\/home\/2020\/08\/21\/el-alquiler-del-libertadores-ayuda-a-bajar-la-deuda-de-barboza\/\" title=\"El alquiler del Libertadores ayuda a bajar la deuda de Barboza\">[&#8230;]<\/a><\/p>\n<\/div>","protected":false},"author":6,"featured_media":0,"comment_status":"closed","ping_status":"closed","sticky":false,"template":"","format":"image","meta":{"_jetpack_memberships_contains_paid_content":false,"footnotes":"","jetpack_publicize_message":"","jetpack_publicize_feature_enabled":true,"jetpack_social_post_already_shared":true,"jetpack_social_options":{"image_generator_settings":{"template":"highway","enabled":false},"version":2}},"categories":[4],"tags":[],"class_list":{"0":"post-42111","1":"post","2":"type-post","3":"status-publish","4":"format-image","6":"category-actualidad","7":"post_format-post-format-image"},"jetpack_publicize_connections":[],"jetpack_sharing_enabled":true,"jetpack_featured_media_url":"","jetpack_shortlink":"https:\/\/wp.me\/p90W9F-aXd","_links":{"self":[{"href":"https:\/\/www.masrojo.com.ar\/home\/wp-json\/wp\/v2\/posts\/42111"}],"collection":[{"href":"https:\/\/www.masrojo.com.ar\/home\/wp-json\/wp\/v2\/posts"}],"about":[{"href":"https:\/\/www.masrojo.com.ar\/home\/wp-json\/wp\/v2\/types\/post"}],"author":[{"embeddable":true,"href":"https:\/\/www.masrojo.com.ar\/home\/wp-json\/wp\/v2\/users\/6"}],"replies":[{"embeddable":true,"href":"https:\/\/www.masrojo.com.ar\/home\/wp-json\/wp\/v2\/comments?post=42111"}],"version-history":[{"count":1,"href":"https:\/\/www.masrojo.com.ar\/home\/wp-json\/wp\/v2\/posts\/42111\/revisions"}],"predecessor-version":[{"id":42117,"href":"https:\/\/www.masrojo.com.ar\/home\/wp-json\/wp\/v2\/posts\/42111\/revisions\/42117"}],"wp:attachment":[{"href":"https:\/\/www.masrojo.com.ar\/home\/wp-json\/wp\/v2\/media?parent=42111"}],"wp:term":[{"taxonomy":"category","embeddable":true,"href":"https:\/\/www.masrojo.com.ar\/home\/wp-json\/wp\/v2\/categories?post=42111"},{"taxonomy":"post_tag","embeddable":true,"href":"https:\/\/www.masrojo.com.ar\/home\/wp-json\/wp\/v2\/tags?post=42111"}],"curies":[{"name":"wp","href":"https:\/\/api.w.org\/{rel}","templated":true}]}}