{"id":42118,"date":"2020-08-21T10:21:41","date_gmt":"2020-08-21T13:21:41","guid":{"rendered":"https:\/\/www.masrojo.com.ar\/home\/?p=42118"},"modified":"2020-08-21T10:21:41","modified_gmt":"2020-08-21T13:21:41","slug":"pase-una-semana-complicada","status":"publish","type":"post","link":"https:\/\/www.masrojo.com.ar\/home\/2020\/08\/21\/pase-una-semana-complicada\/","title":{"rendered":"\u00abPas\u00e9 una semana complicada\u00bb"},"content":{"rendered":"<p style=\"text-align: justify;\">El defensor del Rojo Fabricio Bustos hab\u00eda dado positivo de Covid-19 en los testeos generales que realiz\u00f3 el club el pasado s\u00e1bado 8 de agosto, pero luego dio negativo en otras dos pruebas y as\u00ed pudo regresar a los entrenamientos.<\/p>\n<div class=\"addthis_custom_sharing\" data-url=\"https:\/\/www.telam.com.ar\/notas\/202008\/504627-futbol-bustos-independiente-vuelta.html\" data-title=\"&quot;Pas\u00e9 una semana complicada&quot;, reconoci\u00f3 Bustos tras la vuelta a las pr\u00e1cticas\" data-description=\"El defensor del Rojo hab\u00eda dado positivo de Covid-19 en los testeos generales que realiz\u00f3 el club el pasado s\u00e1bado 8 de agosto, pero luego dio negativo en otras dos pruebas y as\u00ed pudo regresar a los entrenamientos.\n\"><\/p>\n<div id=\"atstbx\" class=\"at-resp-share-element at-style-responsive addthis-smartlayers addthis-animated at4-show\" role=\"region\" aria-labelledby=\"at-3daa4c43-f335-44ee-aa48-8eb2ca40888e\">\n<div class=\"head-content\" style=\"text-align: justify;\">\n<div class=\"addthis_custom_sharing\" data-url=\"https:\/\/www.telam.com.ar\/notas\/202008\/504627-futbol-bustos-independiente-vuelta.html\" data-title=\"&quot;Pas\u00e9 una semana complicada&quot;, reconoci\u00f3 Bustos tras la vuelta a las pr\u00e1cticas\" data-description=\"El defensor del Rojo hab\u00eda dado positivo de Covid-19 en los testeos generales que realiz\u00f3 el club el pasado s\u00e1bado 8 de agosto, pero luego dio negativo en otras dos pruebas y as\u00ed pudo regresar a los entrenamientos.\n\"><\/p>\n<div id=\"atstbx\" class=\"at-resp-share-element at-style-responsive addthis-smartlayers addthis-animated at4-show\" role=\"region\" aria-labelledby=\"at-3daa4c43-f335-44ee-aa48-8eb2ca40888e\">\n<div class=\"at-share-btn-elements\"><\/div>\n<\/div>\n<\/div>\n<\/div>\n<div class=\"main-content-block\">\n<div class=\"main-box clearfix\">\n<div class=\"wrapper-main-section clearfix\">\n<div class=\"wrapper-editable-content\">\n<div class=\"editable-content clearfix\" style=\"text-align: justify;\">\n<div id=\"image\" class=\"image\"><img data-recalc-dims=\"1\" decoding=\"async\" title=\"Fabricio Bustos se sum\u00f3 a los entrenamientos durante la jornada del mi\u00e9rcoles.\" src=\"https:\/\/i0.wp.com\/www.telam.com.ar\/advf\/imagenes\/2020\/08\/5f3e56649acfd_1004x565.jpg?ssl=1\" alt=\"Fabricio Bustos se sum\u00f3 a los entrenamientos durante la jornada del mi\u00e9rcoles.\" \/><\/p>\n<div class=\"epigrafe\">Fabricio Bustos se sum\u00f3 a los entrenamientos durante la jornada del mi\u00e9rcoles.<\/div>\n<\/div>\n<p>El defensor de Independiente Fabricio Bustos reconoci\u00f3 este jueves que pas\u00f3 una semana \u00abdura\u00bb y \u00abcomplicada\u00bb luego de que se difundiera que hab\u00eda dado positivo en el testeo de coronavirus porque se sinti\u00f3 se\u00f1alado como \u00abel que trajo el virus\u00bb.<\/p>\n<p>\u00abPas\u00e9 una semana complicada porque la gente, en vez de apoyar, te se\u00f1ala de que sos el que trajo el virus. Fue una semana dura porque se hablaron muchas pelotudeces\u201d, relat\u00f3 el joven futbolista, de 24 a\u00f1os, en un di\u00e1logo con radio La Red.<\/p>\n<p>Bustos hab\u00eda dado positivo de Covid-19 en los testeos generales que realiz\u00f3 el club el pasado s\u00e1bado 8 de agosto pero luego dio negativo en otras dos pruebas.<\/p>\n<p>Sin embargo, el cuerpo m\u00e9dico de Independiente decidi\u00f3 mantenerlo aislado y el jugador se sum\u00f3 al plantel una semana y media despu\u00e9s del regreso a los entrenamientos, tras casi cinco meses de receso por la pandemia.<\/p>\n<p>\u00abLo que m\u00e1s me preocup\u00f3 fue que contagie a mi familia y ah\u00ed en el pueblo ellos tuvieron contacto con otros amigos. Me sent\u00ed se\u00f1alado y no est\u00e1 bueno\u201d, reiter\u00f3.<\/p>\n<p>Bustos, que se sum\u00f3 a los entrenamientos durante la jornada del mi\u00e9rcoles, asegur\u00f3 que desde Independiente le hicieron \u00abtodos los an\u00e1lisis\u00bb para que se reincorpore con tranquilidad y siguiendo los protocolos autorizados por el Ministerio de Salud y por el Ministerio de Deportes y Turismo.<\/p>\n<p>Asimismo, detall\u00f3 que los entrenamientos \u00abno son lo mismo\u00bb y que principalmente extra\u00f1a las \u00abcharlas de vestuario\u00bb y compartir \u00abunos mates\u00bb con los compa\u00f1eros, pero destac\u00f3 que lo \u00abmejor es cuidarse y acostumbrarse hasta que pase\u00bb.<\/p>\n<p>Por otro lado, Bustos apost\u00f3 a quedarse en Independiente en este mercado de pases pero aclar\u00f3: \u201cUno sue\u00f1a con jugar en Europa y trabaja para llegar a los m\u00e1s alto. Hoy mi presente es Independiente y voy a dar lo mejor de m\u00ed y si me toca quedarme ac\u00e1 7 a\u00f1os m\u00e1s u 8 a\u00f1os m\u00e1s le seguir\u00e9 dando. Es lo que me da de comer y no voy a dejar de luchar por eso\u201d.<\/p>\n<p>El representante del futbolista y la comisi\u00f3n directiva negocian una mejora en su contrato, como tambi\u00e9n sucedi\u00f3 con el jugador Alan Franco, al que se le cay\u00f3 la transferencia al f\u00fatbol de Croacia.<\/p><\/div>\n<\/div>\n<\/div>\n<\/div>\n<\/div>\n<\/div>\n<\/div>\n<p><iframe loading=\"lazy\" width=\"100%\" height=\"65px\" scrolling=\"no\" frameborder=\"no\" src=\"\/\/ar.radiocut.fm\/audiocut\/embed\/mini\/pase-una-semana-complicada\/\" ><\/iframe><\/p>\n","protected":false},"excerpt":{"rendered":"<div class=\"mh-excerpt\"><p>El defensor del Rojo Fabricio Bustos hab\u00eda dado positivo de Covid-19 en los testeos generales que realiz\u00f3 el club el pasado s\u00e1bado 8 de agosto, pero luego dio negativo en otras dos pruebas y as\u00ed <a class=\"mh-excerpt-more\" href=\"https:\/\/www.masrojo.com.ar\/home\/2020\/08\/21\/pase-una-semana-complicada\/\" title=\"\u00abPas\u00e9 una semana complicada\u00bb\">[&#8230;]<\/a><\/p>\n<\/div>","protected":false},"author":6,"featured_media":42061,"comment_status":"closed","ping_status":"closed","sticky":false,"template":"","format":"audio","meta":{"_jetpack_memberships_contains_paid_content":false,"footnotes":"","jetpack_publicize_message":"","jetpack_publicize_feature_enabled":true,"jetpack_social_post_already_shared":true,"jetpack_social_options":{"image_generator_settings":{"template":"highway","enabled":false},"version":2}},"categories":[4],"tags":[],"class_list":{"0":"post-42118","1":"post","2":"type-post","3":"status-publish","4":"format-audio","5":"has-post-thumbnail","7":"category-actualidad","8":"post_format-post-format-audio"},"jetpack_publicize_connections":[],"jetpack_sharing_enabled":true,"jetpack_featured_media_url":"https:\/\/i0.wp.com\/www.masrojo.com.ar\/home\/wp-content\/uploads\/volviofabriweb.jpg?fit=1776%2C1184&ssl=1","jetpack_shortlink":"https:\/\/wp.me\/p90W9F-aXk","_links":{"self":[{"href":"https:\/\/www.masrojo.com.ar\/home\/wp-json\/wp\/v2\/posts\/42118"}],"collection":[{"href":"https:\/\/www.masrojo.com.ar\/home\/wp-json\/wp\/v2\/posts"}],"about":[{"href":"https:\/\/www.masrojo.com.ar\/home\/wp-json\/wp\/v2\/types\/post"}],"author":[{"embeddable":true,"href":"https:\/\/www.masrojo.com.ar\/home\/wp-json\/wp\/v2\/users\/6"}],"replies":[{"embeddable":true,"href":"https:\/\/www.masrojo.com.ar\/home\/wp-json\/wp\/v2\/comments?post=42118"}],"version-history":[{"count":1,"href":"https:\/\/www.masrojo.com.ar\/home\/wp-json\/wp\/v2\/posts\/42118\/revisions"}],"predecessor-version":[{"id":42124,"href":"https:\/\/www.masrojo.com.ar\/home\/wp-json\/wp\/v2\/posts\/42118\/revisions\/42124"}],"wp:featuredmedia":[{"embeddable":true,"href":"https:\/\/www.masrojo.com.ar\/home\/wp-json\/wp\/v2\/media\/42061"}],"wp:attachment":[{"href":"https:\/\/www.masrojo.com.ar\/home\/wp-json\/wp\/v2\/media?parent=42118"}],"wp:term":[{"taxonomy":"category","embeddable":true,"href":"https:\/\/www.masrojo.com.ar\/home\/wp-json\/wp\/v2\/categories?post=42118"},{"taxonomy":"post_tag","embeddable":true,"href":"https:\/\/www.masrojo.com.ar\/home\/wp-json\/wp\/v2\/tags?post=42118"}],"curies":[{"name":"wp","href":"https:\/\/api.w.org\/{rel}","templated":true}]}}