{"id":42125,"date":"2020-08-21T10:29:13","date_gmt":"2020-08-21T13:29:13","guid":{"rendered":"https:\/\/www.masrojo.com.ar\/home\/?p=42125"},"modified":"2020-08-21T10:29:13","modified_gmt":"2020-08-21T13:29:13","slug":"pusineri-y-los-refuerzos-queremos-formar-un-equipo-nuevo","status":"publish","type":"post","link":"https:\/\/www.masrojo.com.ar\/home\/2020\/08\/21\/pusineri-y-los-refuerzos-queremos-formar-un-equipo-nuevo\/","title":{"rendered":"Pusineri y los refuerzos: \u00abQueremos formar un equipo nuevo\u00bb"},"content":{"rendered":"<p style=\"text-align: justify;\">Lucas Pusineri confirm\u00f3 que quiere un nuevo arquero en Independiente y que \u00abuno de los apuntados es Agust\u00edn Rossi\u00bb. \u00abAunque no pude hablar directamente con \u00e9l, tengo entendido que le interesa posibilidad\u00bb, revel\u00f3 el entrenador.<\/p>\n<p style=\"text-align: justify;\">\u00abLa posibilidad de que vuelva Campa\u00f1a la veo lejana, ante su ausencia necesitamos un nuevo jugador en ese puesto para tener una competencia interna\u00bb, explic\u00f3 el DT en una entrevista radial con\u00bbF\u00fatbol 910&#8243; (La Red).<\/p>\n<p style=\"text-align: justify;\">Adem\u00e1s, manifest\u00f3 que \u00abvan por un central\u00bb y que la decisi\u00f3n de Juan S\u00e1nchez Mi\u00f1o de no seguir es \u00abindividual\u00bb y no una \u00absituaci\u00f3n deportiva\u00bb. Por eso, reconoci\u00f3 que hay inter\u00e9s por Rafael Delgado, quien puede ocupar su posici\u00f3n en el lateral. \u00abEs una de las posibilidades, me dijeron los directivos\u00bb, se\u00f1al\u00f3.<\/p>\n<p style=\"text-align: justify;\">M\u00e1s all\u00e1 de las probables incorporaciones, Pusineri se mostr\u00f3 muy satisfecho por la continuidad de Silvio Romero: \u00abHicieron un esfuerzo para que siguiera en el equipo\u00bb.<\/p>\n<p><iframe loading=\"lazy\" src=\"\/\/ar.radiocut.fm\/audiocut\/embed\/mini\/lucas-pusineri-4\/\" width=\"100%\" height=\"65px\" frameborder=\"no\" scrolling=\"no\"><span data-mce-type=\"bookmark\" style=\"display: inline-block; width: 0px; overflow: hidden; line-height: 0;\" class=\"mce_SELRES_start\">\ufeff<\/span><\/iframe>s<\/p>\n","protected":false},"excerpt":{"rendered":"<div class=\"mh-excerpt\"><p>Lucas Pusineri confirm\u00f3 que quiere un nuevo arquero en Independiente y que \u00abuno de los apuntados es Agust\u00edn Rossi\u00bb. \u00abAunque no pude hablar directamente con \u00e9l, tengo entendido que le interesa posibilidad\u00bb, revel\u00f3 el entrenador. <a class=\"mh-excerpt-more\" href=\"https:\/\/www.masrojo.com.ar\/home\/2020\/08\/21\/pusineri-y-los-refuerzos-queremos-formar-un-equipo-nuevo\/\" title=\"Pusineri y los refuerzos: \u00abQueremos formar un equipo nuevo\u00bb\">[&#8230;]<\/a><\/p>\n<\/div>","protected":false},"author":6,"featured_media":0,"comment_status":"closed","ping_status":"closed","sticky":false,"template":"","format":"audio","meta":{"_jetpack_memberships_contains_paid_content":false,"footnotes":"","jetpack_publicize_message":"","jetpack_publicize_feature_enabled":true,"jetpack_social_post_already_shared":true,"jetpack_social_options":{"image_generator_settings":{"template":"highway","enabled":false},"version":2}},"categories":[4],"tags":[],"class_list":{"0":"post-42125","1":"post","2":"type-post","3":"status-publish","4":"format-audio","6":"category-actualidad","7":"post_format-post-format-audio"},"jetpack_publicize_connections":[],"jetpack_sharing_enabled":true,"jetpack_featured_media_url":"","jetpack_shortlink":"https:\/\/wp.me\/p90W9F-aXr","_links":{"self":[{"href":"https:\/\/www.masrojo.com.ar\/home\/wp-json\/wp\/v2\/posts\/42125"}],"collection":[{"href":"https:\/\/www.masrojo.com.ar\/home\/wp-json\/wp\/v2\/posts"}],"about":[{"href":"https:\/\/www.masrojo.com.ar\/home\/wp-json\/wp\/v2\/types\/post"}],"author":[{"embeddable":true,"href":"https:\/\/www.masrojo.com.ar\/home\/wp-json\/wp\/v2\/users\/6"}],"replies":[{"embeddable":true,"href":"https:\/\/www.masrojo.com.ar\/home\/wp-json\/wp\/v2\/comments?post=42125"}],"version-history":[{"count":2,"href":"https:\/\/www.masrojo.com.ar\/home\/wp-json\/wp\/v2\/posts\/42125\/revisions"}],"predecessor-version":[{"id":42132,"href":"https:\/\/www.masrojo.com.ar\/home\/wp-json\/wp\/v2\/posts\/42125\/revisions\/42132"}],"wp:attachment":[{"href":"https:\/\/www.masrojo.com.ar\/home\/wp-json\/wp\/v2\/media?parent=42125"}],"wp:term":[{"taxonomy":"category","embeddable":true,"href":"https:\/\/www.masrojo.com.ar\/home\/wp-json\/wp\/v2\/categories?post=42125"},{"taxonomy":"post_tag","embeddable":true,"href":"https:\/\/www.masrojo.com.ar\/home\/wp-json\/wp\/v2\/tags?post=42125"}],"curies":[{"name":"wp","href":"https:\/\/api.w.org\/{rel}","templated":true}]}}