{"id":43255,"date":"2020-10-03T14:12:39","date_gmt":"2020-10-03T17:12:39","guid":{"rendered":"https:\/\/www.masrojo.com.ar\/home\/?p=43255"},"modified":"2020-10-03T14:12:39","modified_gmt":"2020-10-03T17:12:39","slug":"fabricio-bustos-independiente-es-grande-y-tiene-que-pelear-siempre-arriba","status":"publish","type":"post","link":"https:\/\/www.masrojo.com.ar\/home\/2020\/10\/03\/fabricio-bustos-independiente-es-grande-y-tiene-que-pelear-siempre-arriba\/","title":{"rendered":"Fabricio Bustos: \u00abIndependiente es grande y tiene que pelear siempre arriba\u00bb"},"content":{"rendered":"<p><strong>Fabricio Bustos, <\/strong>uno de los mejores jugadores en la goleada ante Gimnasia LP, habl\u00f3 con <a href=\"https:\/\/twitter.com\/TNTSportsLA\">TNT Sports<\/a> sobre los objetivos del equipo.<\/p>\n<p>Siendo uno de los referentes del equipo con s\u00f3lo 24 a\u00f1os, Bustos se refiri\u00f3 al recambio que hubo en el plantel: \u00ab<em>La idea es sumar de todas partes, somos un equipo de chicos pero con muchas ganas. Est\u00e1 Silvio (Romero), el Tucu (Hern\u00e1ndez) y hay varios chicos grandes, ahora se sumaron Ezequiel (Mu\u00f1oz), Lucas (Rodr\u00edguez) que tienen mucha experiencia y <strong>la idea volver a pelear las copas, el torneo y seguir peleando como Independiente lo tiene que hacer siempre<\/strong><\/em>\u00ab.<\/p>\n<p>En cuanto a los objetivos del Rojo y la presi\u00f3n que tienen por volver a pelear las competencias, el lateral coment\u00f3: \u00ab<em><strong>Independiente es grande y tiene que pelear siempre arriba<\/strong>, la presi\u00f3n la vamos a tener siempre seamos grandes o chicos porque lo demanda la historia y la gente<\/em>\u00ab.<\/p>\n<p>Por \u00faltimo, al ser consultado por su posible salida de Independiente, el Tractor fue concreto y declar\u00f3: \u00ab<em>La verdad no s\u00e9 que pas\u00f3 ni quien dijo eso, yo estoy enfocado en <strong>Independiente y nada m\u00e1s<\/strong><\/em>\u00ab.<\/p>\n<p><iframe loading=\"lazy\" src=\"https:\/\/www.youtube.com\/embed\/JAYRvc-U-AA\" width=\"560\" height=\"315\" frameborder=\"0\" allowfullscreen=\"allowfullscreen\"><\/iframe><\/p>\n","protected":false},"excerpt":{"rendered":"<div class=\"mh-excerpt\"><p>Fabricio Bustos, uno de los mejores jugadores en la goleada ante Gimnasia LP, habl\u00f3 con TNT Sports sobre los objetivos del equipo. Siendo uno de los referentes del equipo con s\u00f3lo 24 a\u00f1os, Bustos se <a class=\"mh-excerpt-more\" href=\"https:\/\/www.masrojo.com.ar\/home\/2020\/10\/03\/fabricio-bustos-independiente-es-grande-y-tiene-que-pelear-siempre-arriba\/\" title=\"Fabricio Bustos: \u00abIndependiente es grande y tiene que pelear siempre arriba\u00bb\">[&#8230;]<\/a><\/p>\n<\/div>","protected":false},"author":1,"featured_media":0,"comment_status":"closed","ping_status":"closed","sticky":false,"template":"","format":"video","meta":{"_jetpack_memberships_contains_paid_content":false,"footnotes":"","jetpack_publicize_message":"","jetpack_publicize_feature_enabled":true,"jetpack_social_post_already_shared":true,"jetpack_social_options":{"image_generator_settings":{"template":"highway","enabled":false},"version":2}},"categories":[4],"tags":[873,53,40,988,213,17,122,989,237,556],"class_list":{"0":"post-43255","1":"post","2":"type-post","3":"status-publish","4":"format-video","6":"category-actualidad","7":"tag-4-0","8":"tag-amistoso","9":"tag-bustos","10":"tag-ezequiel-munoz","11":"tag-gimnasia","12":"tag-independiente","13":"tag-libertadores-de-america","14":"tag-lucas-rodriguez","15":"tag-silvio-romero","16":"tag-tucu-hernandez","17":"post_format-post-format-video"},"jetpack_publicize_connections":[],"jetpack_sharing_enabled":true,"jetpack_featured_media_url":"","jetpack_shortlink":"https:\/\/wp.me\/p90W9F-bfF","_links":{"self":[{"href":"https:\/\/www.masrojo.com.ar\/home\/wp-json\/wp\/v2\/posts\/43255"}],"collection":[{"href":"https:\/\/www.masrojo.com.ar\/home\/wp-json\/wp\/v2\/posts"}],"about":[{"href":"https:\/\/www.masrojo.com.ar\/home\/wp-json\/wp\/v2\/types\/post"}],"author":[{"embeddable":true,"href":"https:\/\/www.masrojo.com.ar\/home\/wp-json\/wp\/v2\/users\/1"}],"replies":[{"embeddable":true,"href":"https:\/\/www.masrojo.com.ar\/home\/wp-json\/wp\/v2\/comments?post=43255"}],"version-history":[{"count":1,"href":"https:\/\/www.masrojo.com.ar\/home\/wp-json\/wp\/v2\/posts\/43255\/revisions"}],"predecessor-version":[{"id":43257,"href":"https:\/\/www.masrojo.com.ar\/home\/wp-json\/wp\/v2\/posts\/43255\/revisions\/43257"}],"wp:attachment":[{"href":"https:\/\/www.masrojo.com.ar\/home\/wp-json\/wp\/v2\/media?parent=43255"}],"wp:term":[{"taxonomy":"category","embeddable":true,"href":"https:\/\/www.masrojo.com.ar\/home\/wp-json\/wp\/v2\/categories?post=43255"},{"taxonomy":"post_tag","embeddable":true,"href":"https:\/\/www.masrojo.com.ar\/home\/wp-json\/wp\/v2\/tags?post=43255"}],"curies":[{"name":"wp","href":"https:\/\/api.w.org\/{rel}","templated":true}]}}