{"id":43784,"date":"2020-10-27T20:40:48","date_gmt":"2020-10-27T23:40:48","guid":{"rendered":"https:\/\/www.masrojo.com.ar\/home\/?p=43784"},"modified":"2020-10-27T20:40:48","modified_gmt":"2020-10-27T23:40:48","slug":"con-los-11-en-la-cabeza","status":"publish","type":"post","link":"https:\/\/www.masrojo.com.ar\/home\/2020\/10\/27\/con-los-11-en-la-cabeza\/","title":{"rendered":"Con los 11 en la cabeza"},"content":{"rendered":"<p style=\"text-align: justify;\"><em>En comparaci\u00f3n a los once que salieron a la cancha en el \u00faltimo partido oficial del Rojo,\u00a0el 14 de marzo frente a\u00a0V\u00e9lez\u00a0por Copa Superliga (triunfo 1-0),\u00a0habr\u00e1 algunas caras nuevas y otras que no estar\u00e1n.\u00a0<\/em><\/p>\n<p style=\"text-align: justify;\"><em>Campa\u00f1a, Silva y S\u00e1nchez Mi\u00f1o se fueron del club, por lo que habr\u00e1 novedades en el armado: al arco ir\u00e1\u00a0Sebasti\u00e1n Sosa\u00a0(debutar\u00e1 con el buzo del Rojo),\u00a0Alexander Barboza\u00a0formar\u00e1 la dupla central con\u00a0Alan Franco\u00a0y\u00a0Lucas Rodr\u00edguez, otro que har\u00e1 su estreno en el Rey de Copas, ocupar\u00e1 el lateral izquierdo de la defensa.<\/em><\/p>\n<div class=\"sp__Normal\" style=\"text-align: justify;\">\n<div class=\"image-embeb image-trigger pointer\" data-index=\"2\"><em>De mitad de cancha para atr\u00e1s y en la delantera (Silvio Romero\u00a0ser\u00e1 el nueve) el equipo est\u00e1 confirmado,\u00a0pero en la zona de volantes es donde Pusineri tiene algunas dudas. En los \u00faltimos ensayos, el DT prob\u00f3 con\u00a0Lucas Romero\u00a0(ser\u00e1 titular) acompa\u00f1ado de\u00a0Lucas Gonz\u00e1lez\u00a0en el doble cinco y\u00a0Domingo Blanco,\u00a0Andr\u00e9s Roa\u00a0y\u00a0Alan Velasco\u00a0por delante; pero Pablo Hern\u00e1ndez podr\u00eda estar en lugar de Gonz\u00e1lez,\u00a0Jonathan Men\u00e9ndez\u00a0-hoy tiene m\u00e1s chances-\u00a0por Blanco y Federico Mart\u00ednez por Roa, que tuvo una sobrecarga, aunque llegar\u00eda sin problemas.<\/em><\/div>\n<\/div>\n<p style=\"text-align: justify;\"><em>El once titular para recibir a Atl\u00e9tico Tucum\u00e1n por Copa Sudamericana ser\u00eda el siguiente:\u00a0Sebasti\u00e1n Sosa; Fabricio Bustos, Alan Franco, Alexander Barboza, Lucas Rodr\u00edguez; Lucas Romero, Lucas Gonz\u00e1lez;\u00a0Jonathan Men\u00e9ndez, Andr\u00e9s Roa, Alan Velasco; y Silvio Romero.<\/em><\/p>\n","protected":false},"excerpt":{"rendered":"<div class=\"mh-excerpt\"><p>En comparaci\u00f3n a los once que salieron a la cancha en el \u00faltimo partido oficial del Rojo,\u00a0el 14 de marzo frente a\u00a0V\u00e9lez\u00a0por Copa Superliga (triunfo 1-0),\u00a0habr\u00e1 algunas caras nuevas y otras que no estar\u00e1n.\u00a0 Campa\u00f1a, <a class=\"mh-excerpt-more\" href=\"https:\/\/www.masrojo.com.ar\/home\/2020\/10\/27\/con-los-11-en-la-cabeza\/\" title=\"Con los 11 en la cabeza\">[&#8230;]<\/a><\/p>\n<\/div>","protected":false},"author":6,"featured_media":0,"comment_status":"closed","ping_status":"closed","sticky":false,"template":"","format":"image","meta":{"_jetpack_memberships_contains_paid_content":false,"footnotes":"","jetpack_publicize_message":"","jetpack_publicize_feature_enabled":true,"jetpack_social_post_already_shared":true,"jetpack_social_options":{"image_generator_settings":{"template":"highway","enabled":false},"version":2}},"categories":[4],"tags":[],"class_list":{"0":"post-43784","1":"post","2":"type-post","3":"status-publish","4":"format-image","6":"category-actualidad","7":"post_format-post-format-image"},"jetpack_publicize_connections":[],"jetpack_sharing_enabled":true,"jetpack_featured_media_url":"","jetpack_shortlink":"https:\/\/wp.me\/p90W9F-boc","_links":{"self":[{"href":"https:\/\/www.masrojo.com.ar\/home\/wp-json\/wp\/v2\/posts\/43784"}],"collection":[{"href":"https:\/\/www.masrojo.com.ar\/home\/wp-json\/wp\/v2\/posts"}],"about":[{"href":"https:\/\/www.masrojo.com.ar\/home\/wp-json\/wp\/v2\/types\/post"}],"author":[{"embeddable":true,"href":"https:\/\/www.masrojo.com.ar\/home\/wp-json\/wp\/v2\/users\/6"}],"replies":[{"embeddable":true,"href":"https:\/\/www.masrojo.com.ar\/home\/wp-json\/wp\/v2\/comments?post=43784"}],"version-history":[{"count":1,"href":"https:\/\/www.masrojo.com.ar\/home\/wp-json\/wp\/v2\/posts\/43784\/revisions"}],"predecessor-version":[{"id":43790,"href":"https:\/\/www.masrojo.com.ar\/home\/wp-json\/wp\/v2\/posts\/43784\/revisions\/43790"}],"wp:attachment":[{"href":"https:\/\/www.masrojo.com.ar\/home\/wp-json\/wp\/v2\/media?parent=43784"}],"wp:term":[{"taxonomy":"category","embeddable":true,"href":"https:\/\/www.masrojo.com.ar\/home\/wp-json\/wp\/v2\/categories?post=43784"},{"taxonomy":"post_tag","embeddable":true,"href":"https:\/\/www.masrojo.com.ar\/home\/wp-json\/wp\/v2\/tags?post=43784"}],"curies":[{"name":"wp","href":"https:\/\/api.w.org\/{rel}","templated":true}]}}