{"id":43828,"date":"2020-10-29T09:23:15","date_gmt":"2020-10-29T12:23:15","guid":{"rendered":"https:\/\/www.masrojo.com.ar\/home\/?p=43828"},"modified":"2020-10-29T09:23:15","modified_gmt":"2020-10-29T12:23:15","slug":"a-sacar-ventaja-4","status":"publish","type":"post","link":"https:\/\/www.masrojo.com.ar\/home\/2020\/10\/29\/a-sacar-ventaja-4\/","title":{"rendered":"A SACAR VENTAJA"},"content":{"rendered":"<p class=\"capital\" style=\"text-align: justify;\">Independiente\u00a0se prepara para el retorno a las competencias oficiales y el primer encuentro que disputar\u00e1 el Rojo ser\u00e1 la segunda fase de la\u00a0Copa Sudamericana\u00a0que tras el sorteo le toc\u00f3 con otro equipo argentino,\u00a0Atl\u00e9tico Tucum\u00e1n.<\/p>\n<p class=\"font_tertiary paragraph\" style=\"text-align: justify;\">Desde las 21.30,\u00a0Independiente y Atl\u00e9tico de Tucum\u00e1n\u00a0animar\u00e1n la serie por la segunda ronda de la\u00a0Copa Sudamericana. El partido, que tendr\u00e1 el arbitraje del uruguayo Christian Ferreyra, se podr\u00e1 seguir por ESPN 2.<\/p>\n<p style=\"text-align: justify;\"><b>Lucas Pusineri<\/b>, entrenador del conjunto de Avellaneda, ya defini\u00f3<b>\u00a0un equipo\u00a0<\/b>de cara al encuentro con el\u00a0<i>Decano\u00a0<\/i>este\u00a0jueves desde las 21.30 en el Libertadores de Am\u00e9rica.<\/p>\n<div data-google-query-id=\"CP2ktbXi2ewCFfcEuQYdzyABwQ\">\n<p style=\"text-align: justify;\">Luego del \u00faltimo entrenamiento, Pusineri deline\u00f3 el once titular. El mismo est\u00e1 compuesto por varios refuerzos de este mercado de pases.<\/p>\n<div class=\"related-article\">\n<p style=\"text-align: justify;\">La formaci\u00f3n de Independiente ser\u00e1: <em><b>Sebasti\u00e1n Sosa; Fabricio Bustos, Alan Franco, Alexander Barboza, Lucas Rodr\u00edguez; Lucas Romero, Pablo Hern\u00e1ndez; Alan Velasco, Federico Mart\u00ednez, Jonathan Men\u00e9ndez y Silvio Romero<\/b>.<\/em><\/p>\n<p style=\"text-align: justify;\">Sosa, Rodr\u00edguez y Mart\u00ednez,\u00a0recientes incorporados al plantel, har\u00edan su debut oficial con el Rojo, mientras que\u00a0la dura baja fue la del defensor\u00a0Ezequiel Mu\u00f1oz,\u00a0que sufri\u00f3 un esguince en su rodilla derecha en los \u00faltimos d\u00edas,\u00a0y, en caso de ser operado, estar\u00eda de baja por seis meses.<\/p>\n<p style=\"text-align: justify;\">Entre los juveniles que fueron convocados se destaca el delantero\u00a0Marcos Landaburu, quien lleg\u00f3 a pr\u00e9stamo desde San Telmo y que a principios de octubre marc\u00f3 un gol en uno de los amistosos ante Gimnasia.<\/p>\n<p style=\"text-align: justify;\">Por el lado de Atl\u00e9tico\u00a0Tucum\u00e1n\u00a0 viaj\u00f3 en vuelo charter a Buenos Aires\u00a0para afrontar los partidos de la\u00a0Copa Sudamericana\u00a0y la Copa de la Liga Profesional. En principio, la idea era regresar despu\u00e9s del partido ante Independiente, pero\u00a0el cuerpo t\u00e9cnico y los dirigentes decidieron quedarse para afrontar los dos partidos.<\/p>\n<p style=\"text-align: justify;\">Por esa raz\u00f3n, Ricardo Zielinski y sus colaboradores convocaron 27 futbolistas:\u00a0Cristian Lucchetti, Tom\u00e1s Marchiori, Gustavo Toledo, Marcelo Ortiz, Yonathan Cabral, Fabi\u00e1n Monz\u00f3n, Agust\u00edn Lagos, Guillermo Ortiz, Mauro Osores, Gabriel Risso Patr\u00f3n, Ramiro Carrera, Guillero Acosta, Cristian Erbes, Franco Mussis, Abel Bustos, Leonardo Heredia, Hern\u00e1n Rosales, Nicol\u00e1s Lam\u00e9ndola, Camilo Albornoz, Kevin Nickler, Augusto Lotti, Mat\u00edas Alustiza, Ramiro Ru\u00edz Rodr\u00edguez, Javier Toledo, Lucas Melano, Jon\u00e1s Romero y Kevin Isa Luna.<\/p>\n<p style=\"text-align: justify;\">Si bien no confirm\u00f3 los titulares para visitar al equipo de Lucas Pusineri, el t\u00e9cnico tiene viene repitiendo el mismo equipo en los \u00faltimos ensayos. <em><b>Atl\u00e9tico Tucum\u00e1n formar\u00eda con: Lucchetti; Marcelo Ortiz, Cabral, Guillermo Ortiz, Monz\u00f3n; Carrera, Acosta, Mussis, Lotti; Melano y Toledo<\/b>.<\/em><\/p>\n<p class=\"font_tertiary paragraph\" style=\"text-align: justify;\">La revancha de hoy se jugar\u00e1 en exactamente siete d\u00edas. El pr\u00f3ximo jueves 5 de noviembre, en el estadio\u00a0<i>Monumental Jos\u00e9 Fierro<\/i>\u00a0de Tucum\u00e1n, el Decano recibir\u00e1 a Independiente desde las 21.30. El ganador de esta llave de segunda ronda se tendr\u00e1 que enfrentar en la siguiente fase del torneo internacional al vencedor del cruce entre\u00a0<b>F\u00e9nix, de Uruguay<\/b>, y\u00a0<b>Huachipato, de Chile<\/b>. En el encuentro que puso en marcha el enfrentamiento, el equipo charr\u00faa se hizo fuerte como local y super\u00f3 a los chilenos por 3-1.<\/p>\n<div class=\"Ad_2 | ad-wrapper display_flex align_items_center width_full justify_center\">\n<div class=\"\" style=\"text-align: justify;\"><\/div>\n<\/div>\n<\/div>\n<\/div>\n","protected":false},"excerpt":{"rendered":"<div class=\"mh-excerpt\"><p>Independiente\u00a0se prepara para el retorno a las competencias oficiales y el primer encuentro que disputar\u00e1 el Rojo ser\u00e1 la segunda fase de la\u00a0Copa Sudamericana\u00a0que tras el sorteo le toc\u00f3 con otro equipo argentino,\u00a0Atl\u00e9tico Tucum\u00e1n. Desde <a class=\"mh-excerpt-more\" href=\"https:\/\/www.masrojo.com.ar\/home\/2020\/10\/29\/a-sacar-ventaja-4\/\" title=\"A SACAR VENTAJA\">[&#8230;]<\/a><\/p>\n<\/div>","protected":false},"author":6,"featured_media":0,"comment_status":"closed","ping_status":"closed","sticky":false,"template":"","format":"image","meta":{"_jetpack_memberships_contains_paid_content":false,"footnotes":"","jetpack_publicize_message":"","jetpack_publicize_feature_enabled":true,"jetpack_social_post_already_shared":true,"jetpack_social_options":{"image_generator_settings":{"template":"highway","enabled":false},"version":2}},"categories":[4],"tags":[],"class_list":{"0":"post-43828","1":"post","2":"type-post","3":"status-publish","4":"format-image","6":"category-actualidad","7":"post_format-post-format-image"},"jetpack_publicize_connections":[],"jetpack_sharing_enabled":true,"jetpack_featured_media_url":"","jetpack_shortlink":"https:\/\/wp.me\/p90W9F-boU","_links":{"self":[{"href":"https:\/\/www.masrojo.com.ar\/home\/wp-json\/wp\/v2\/posts\/43828"}],"collection":[{"href":"https:\/\/www.masrojo.com.ar\/home\/wp-json\/wp\/v2\/posts"}],"about":[{"href":"https:\/\/www.masrojo.com.ar\/home\/wp-json\/wp\/v2\/types\/post"}],"author":[{"embeddable":true,"href":"https:\/\/www.masrojo.com.ar\/home\/wp-json\/wp\/v2\/users\/6"}],"replies":[{"embeddable":true,"href":"https:\/\/www.masrojo.com.ar\/home\/wp-json\/wp\/v2\/comments?post=43828"}],"version-history":[{"count":1,"href":"https:\/\/www.masrojo.com.ar\/home\/wp-json\/wp\/v2\/posts\/43828\/revisions"}],"predecessor-version":[{"id":43835,"href":"https:\/\/www.masrojo.com.ar\/home\/wp-json\/wp\/v2\/posts\/43828\/revisions\/43835"}],"wp:attachment":[{"href":"https:\/\/www.masrojo.com.ar\/home\/wp-json\/wp\/v2\/media?parent=43828"}],"wp:term":[{"taxonomy":"category","embeddable":true,"href":"https:\/\/www.masrojo.com.ar\/home\/wp-json\/wp\/v2\/categories?post=43828"},{"taxonomy":"post_tag","embeddable":true,"href":"https:\/\/www.masrojo.com.ar\/home\/wp-json\/wp\/v2\/tags?post=43828"}],"curies":[{"name":"wp","href":"https:\/\/api.w.org\/{rel}","templated":true}]}}