{"id":43854,"date":"2020-10-30T09:48:49","date_gmt":"2020-10-30T12:48:49","guid":{"rendered":"https:\/\/www.masrojo.com.ar\/home\/?p=43854"},"modified":"2020-10-30T10:02:36","modified_gmt":"2020-10-30T13:02:36","slug":"pusineri-estoy-satisfecho-habia-que-ganar-despues-de-siete-meses","status":"publish","type":"post","link":"https:\/\/www.masrojo.com.ar\/home\/2020\/10\/30\/pusineri-estoy-satisfecho-habia-que-ganar-despues-de-siete-meses\/","title":{"rendered":"Pusineri: \u00abEstoy satisfecho, hab\u00eda que ganar despu\u00e9s de siete meses\u00bb"},"content":{"rendered":"<p style=\"text-align: justify;\"><strong>Lucas Pusineri<\/strong>\u00a0destac\u00f3 la entrega de los jugadores de\u00a0Independiente\u00a0y el entendimiento del mensaje\u00a0<strong>para poder concretar la\u00a0victoria por 1-0<\/strong>\u00a0ante\u00a0Atl\u00e9tico Tucum\u00e1n\u00a0por la\u00a0<strong>CONMEBOL Sudamericana.\u00a0<\/strong>\u201cEstoy satisfecho, hab\u00eda que ganar despu\u00e9s de siete meses\u201d, destac\u00f3.<\/p>\n<p style=\"text-align: justify;\">El entrenador del\u00a0<em>Rojo<\/em>\u00a0analiz\u00f3 el triunfo de su equipo ante el conjunto tucumano y\u00a0<strong>se\u00f1al\u00f3 que \u201clo que propusimos nosotros lo hicimos a la perfecci\u00f3n<\/strong>, hubi\u00e9semos querido tener m\u00e1s precisi\u00f3n porque hemos tenido las circunstancias para poder vulnerar al rival, pero en l\u00edneas generales hab\u00eda que ganar y se logr\u00f3 y me quedo con eso\u201d.<\/p>\n<p style=\"text-align: justify;\">Por otra parte, fue consultado sobre la labor de los refuerzos Sebasti\u00e1n Sosa, Federico Mart\u00ednez y Lucas Rodr\u00edguez, que llegaron durante este largo parate y destac\u00f3 que \u201ces una evaluaci\u00f3n positiva, han estado con muy buena actitud, el caso de Sebasti\u00e1n, el caso de Federico y el caso de Lucas. Lo han sacado adelante y conf\u00edo en ellos. La verdad es que es positivo. Esperemos que las actuaciones venideras sean acordes a lo que vimos hoy y a mejorar tambi\u00e9n\u201d.<\/p>\n<p style=\"text-align: justify;\">Tambi\u00e9n hizo referencia a las oportunidades desperdiciadas en el \u00faltimo cuarto de cancha e indic\u00f3 que \u201cNo me deja preocupado la precisi\u00f3n, pero si es algo a mejorar. Hay que tener en cuenta que hace 7 meses y medio que no se compet\u00eda, y de parte de ellos tambi\u00e9n vimos algunas imprecisiones tales de la falta de competencia, por eso lo veo como algo normal que se puede corregir y de seguir avanzando en este desaf\u00edo\u201d.<\/p>\n<p style=\"text-align: justify;\">Por \u00faltimo, destac\u00f3 el buen trabajo del juvenil Alan Velasco: \u201clas caracter\u00edsticas de Alan son las de un jugador impredecible que puede jugar tanto por fuera como por dentro, la verdad que muy bien, tiene una frescura, les da ox\u00edgeno a los volantes, es muy vertiginoso a la hora poder enfrentar en el mano a mano y eso lo hace un jugador importante para nosotros que en el futuro nos va a dar muchas alegr\u00edas\u201d.<\/p>\n<div style=\"width: 640px;\" class=\"wp-video\"><!--[if lt IE 9]><script>document.createElement('video');<\/script><![endif]-->\n<video class=\"wp-video-shortcode\" id=\"video-43854-1\" width=\"640\" height=\"360\" preload=\"metadata\" controls=\"controls\"><source type=\"video\/mp4\" src=\"https:\/\/www.masrojo.com.ar\/home\/wp-content\/uploads\/videoplayback-online-video-cutter.com_-1.mp4?_=1\" \/><a href=\"https:\/\/www.masrojo.com.ar\/home\/wp-content\/uploads\/videoplayback-online-video-cutter.com_-1.mp4\">https:\/\/www.masrojo.com.ar\/home\/wp-content\/uploads\/videoplayback-online-video-cutter.com_-1.mp4<\/a><\/video><\/div>\n","protected":false},"excerpt":{"rendered":"<div class=\"mh-excerpt\"><p>Lucas Pusineri\u00a0destac\u00f3 la entrega de los jugadores de\u00a0Independiente\u00a0y el entendimiento del mensaje\u00a0para poder concretar la\u00a0victoria por 1-0\u00a0ante\u00a0Atl\u00e9tico Tucum\u00e1n\u00a0por la\u00a0CONMEBOL Sudamericana.\u00a0\u201cEstoy satisfecho, hab\u00eda que ganar despu\u00e9s de siete meses\u201d, destac\u00f3. El entrenador del\u00a0Rojo\u00a0analiz\u00f3 el triunfo de <a class=\"mh-excerpt-more\" href=\"https:\/\/www.masrojo.com.ar\/home\/2020\/10\/30\/pusineri-estoy-satisfecho-habia-que-ganar-despues-de-siete-meses\/\" title=\"Pusineri: \u00abEstoy satisfecho, hab\u00eda que ganar despu\u00e9s de siete meses\u00bb\">[&#8230;]<\/a><\/p>\n<\/div>","protected":false},"author":6,"featured_media":0,"comment_status":"closed","ping_status":"closed","sticky":false,"template":"","format":"video","meta":{"_jetpack_memberships_contains_paid_content":false,"footnotes":"","jetpack_publicize_message":"","jetpack_publicize_feature_enabled":true,"jetpack_social_post_already_shared":true,"jetpack_social_options":{"image_generator_settings":{"template":"highway","enabled":false},"version":2}},"categories":[4],"tags":[],"class_list":{"0":"post-43854","1":"post","2":"type-post","3":"status-publish","4":"format-video","6":"category-actualidad","7":"post_format-post-format-video"},"jetpack_publicize_connections":[],"jetpack_sharing_enabled":true,"jetpack_featured_media_url":"","jetpack_shortlink":"https:\/\/wp.me\/p90W9F-bpk","_links":{"self":[{"href":"https:\/\/www.masrojo.com.ar\/home\/wp-json\/wp\/v2\/posts\/43854"}],"collection":[{"href":"https:\/\/www.masrojo.com.ar\/home\/wp-json\/wp\/v2\/posts"}],"about":[{"href":"https:\/\/www.masrojo.com.ar\/home\/wp-json\/wp\/v2\/types\/post"}],"author":[{"embeddable":true,"href":"https:\/\/www.masrojo.com.ar\/home\/wp-json\/wp\/v2\/users\/6"}],"replies":[{"embeddable":true,"href":"https:\/\/www.masrojo.com.ar\/home\/wp-json\/wp\/v2\/comments?post=43854"}],"version-history":[{"count":1,"href":"https:\/\/www.masrojo.com.ar\/home\/wp-json\/wp\/v2\/posts\/43854\/revisions"}],"predecessor-version":[{"id":43862,"href":"https:\/\/www.masrojo.com.ar\/home\/wp-json\/wp\/v2\/posts\/43854\/revisions\/43862"}],"wp:attachment":[{"href":"https:\/\/www.masrojo.com.ar\/home\/wp-json\/wp\/v2\/media?parent=43854"}],"wp:term":[{"taxonomy":"category","embeddable":true,"href":"https:\/\/www.masrojo.com.ar\/home\/wp-json\/wp\/v2\/categories?post=43854"},{"taxonomy":"post_tag","embeddable":true,"href":"https:\/\/www.masrojo.com.ar\/home\/wp-json\/wp\/v2\/tags?post=43854"}],"curies":[{"name":"wp","href":"https:\/\/api.w.org\/{rel}","templated":true}]}}