{"id":43863,"date":"2020-10-30T09:51:53","date_gmt":"2020-10-30T12:51:53","guid":{"rendered":"https:\/\/www.masrojo.com.ar\/home\/?p=43863"},"modified":"2020-10-30T09:51:53","modified_gmt":"2020-10-30T12:51:53","slug":"sebastian-sosa-muy-feliz-con-el-debut","status":"publish","type":"post","link":"https:\/\/www.masrojo.com.ar\/home\/2020\/10\/30\/sebastian-sosa-muy-feliz-con-el-debut\/","title":{"rendered":"Sebasti\u00e1n Sosa: \u201cMuy feliz con el debut\u201d"},"content":{"rendered":"<p style=\"text-align: justify;\">Sebasti\u00e1n Sosa tuvo un muy buen debut esta noche en la victoria de Independiente sobre Atl\u00e9tico Tucum\u00e1n, y por eso se manifest\u00f3 \u201cmuy feliz\u201d en la conferencia de prensa posterior al encuentro.<\/p>\n<p style=\"text-align: justify;\">\u201cMuy feliz con el debut, principalmente porque se logr\u00f3 el objetivo de ganar, y tambi\u00e9n por el arco en cero. Creo que llevamos una ventaja importante que tenemos que hacerla valer all\u00e1\u201d, expres\u00f3 el arquero uruguayo.<\/p>\n<p style=\"text-align: justify;\">Sosa fue un pilar para un Rojo que sac\u00f3 una m\u00ednima ventaja, pero que sufri\u00f3 sobresaltos.<\/p>\n<p style=\"text-align: justify;\">\u201cContento porque cuando el equipo necesit\u00f3 de mi pude estar. Son cosas que dan confianza\u201d, concluy\u00f3.<\/p>\n<div style=\"width: 640px;\" class=\"wp-video\"><!--[if lt IE 9]><script>document.createElement('video');<\/script><![endif]-->\n<video class=\"wp-video-shortcode\" id=\"video-43863-1\" width=\"640\" height=\"360\" preload=\"metadata\" controls=\"controls\"><source type=\"video\/mp4\" src=\"https:\/\/www.masrojo.com.ar\/home\/wp-content\/uploads\/videoplayback-online-video-cutter.com-1.mp4?_=1\" \/><a href=\"https:\/\/www.masrojo.com.ar\/home\/wp-content\/uploads\/videoplayback-online-video-cutter.com-1.mp4\">https:\/\/www.masrojo.com.ar\/home\/wp-content\/uploads\/videoplayback-online-video-cutter.com-1.mp4<\/a><\/video><\/div>\n","protected":false},"excerpt":{"rendered":"<div class=\"mh-excerpt\"><p>Sebasti\u00e1n Sosa tuvo un muy buen debut esta noche en la victoria de Independiente sobre Atl\u00e9tico Tucum\u00e1n, y por eso se manifest\u00f3 \u201cmuy feliz\u201d en la conferencia de prensa posterior al encuentro. \u201cMuy feliz con <a class=\"mh-excerpt-more\" href=\"https:\/\/www.masrojo.com.ar\/home\/2020\/10\/30\/sebastian-sosa-muy-feliz-con-el-debut\/\" title=\"Sebasti\u00e1n Sosa: \u201cMuy feliz con el debut\u201d\">[&#8230;]<\/a><\/p>\n<\/div>","protected":false},"author":6,"featured_media":0,"comment_status":"closed","ping_status":"closed","sticky":false,"template":"","format":"video","meta":{"_jetpack_memberships_contains_paid_content":false,"footnotes":"","jetpack_publicize_message":"","jetpack_publicize_feature_enabled":true,"jetpack_social_post_already_shared":true,"jetpack_social_options":{"image_generator_settings":{"template":"highway","enabled":false},"version":2}},"categories":[4],"tags":[],"class_list":{"0":"post-43863","1":"post","2":"type-post","3":"status-publish","4":"format-video","6":"category-actualidad","7":"post_format-post-format-video"},"jetpack_publicize_connections":[],"jetpack_sharing_enabled":true,"jetpack_featured_media_url":"","jetpack_shortlink":"https:\/\/wp.me\/p90W9F-bpt","_links":{"self":[{"href":"https:\/\/www.masrojo.com.ar\/home\/wp-json\/wp\/v2\/posts\/43863"}],"collection":[{"href":"https:\/\/www.masrojo.com.ar\/home\/wp-json\/wp\/v2\/posts"}],"about":[{"href":"https:\/\/www.masrojo.com.ar\/home\/wp-json\/wp\/v2\/types\/post"}],"author":[{"embeddable":true,"href":"https:\/\/www.masrojo.com.ar\/home\/wp-json\/wp\/v2\/users\/6"}],"replies":[{"embeddable":true,"href":"https:\/\/www.masrojo.com.ar\/home\/wp-json\/wp\/v2\/comments?post=43863"}],"version-history":[{"count":1,"href":"https:\/\/www.masrojo.com.ar\/home\/wp-json\/wp\/v2\/posts\/43863\/revisions"}],"predecessor-version":[{"id":43871,"href":"https:\/\/www.masrojo.com.ar\/home\/wp-json\/wp\/v2\/posts\/43863\/revisions\/43871"}],"wp:attachment":[{"href":"https:\/\/www.masrojo.com.ar\/home\/wp-json\/wp\/v2\/media?parent=43863"}],"wp:term":[{"taxonomy":"category","embeddable":true,"href":"https:\/\/www.masrojo.com.ar\/home\/wp-json\/wp\/v2\/categories?post=43863"},{"taxonomy":"post_tag","embeddable":true,"href":"https:\/\/www.masrojo.com.ar\/home\/wp-json\/wp\/v2\/tags?post=43863"}],"curies":[{"name":"wp","href":"https:\/\/api.w.org\/{rel}","templated":true}]}}