{"id":44356,"date":"2020-11-13T08:39:42","date_gmt":"2020-11-13T11:39:42","guid":{"rendered":"https:\/\/www.masrojo.com.ar\/home\/?p=44356"},"modified":"2020-11-13T08:39:42","modified_gmt":"2020-11-13T11:39:42","slug":"con-cambios","status":"publish","type":"post","link":"https:\/\/www.masrojo.com.ar\/home\/2020\/11\/13\/con-cambios\/","title":{"rendered":"CON CAMBIOS"},"content":{"rendered":"<p style=\"text-align: justify;\">Lucas Pusineri har\u00eda dos cambios en el mediocampo para visitar el pr\u00f3ximo domingo a Defensa y Justicia. Andr\u00e9s Roa y Pablo Hern\u00e1ndez saldr\u00edan del equipo titular.<\/p>\n<p style=\"text-align: justify;\">Pensando en el duelo del pr\u00f3ximo domingo ante Defensa y Justicia, como visitante, por la tercera fecha de la Copa de la Liga Profesional, el entrenador de Independiente, Lucas Pusineri, apostar\u00eda por los chicos de la cantera del club y realizar\u00eda dos cambios en el mediocampo del equipo titular.<\/p>\n<p style=\"text-align: justify;\">Los juveniles Lucas \u00abSaltita\u00bb Gonz\u00e1lez y Alan So\u00f1ora ingresar\u00edan en lugar de Pablo Hern\u00e1ndez y Andr\u00e9s Roa, respectivamente. Los mismos cambios se produjeron en el segundo tiempo ante Col\u00f3n, por lo que todo indica que el t\u00e9cnico se mostr\u00f3 conforme con el cambio en el funcionamiento para lograr la igualdad en el Libertadores de Am\u00e9rica (1-1).<\/p>\n<p style=\"text-align: justify;\">Hasta el momento, Independiente transit\u00f3 cuatro partidos post pandemia y obtuvo dos victorias y dos empates, con una clasificaci\u00f3n incluida a los octavos de final de la Copa Sudamericana, aunque todav\u00eda est\u00e1 en deuda desde lo futbol\u00edstico.<\/p>\n<p style=\"text-align: justify;\">En resumen, el probable equipo del Rojo es: Sebasti\u00e1n Sosa; Fabricio Bustos, Alan Franco, Alexander Barboza, Lucas Rodr\u00edguez; Lucas Romero, Saltita Gonz\u00e1lez; Domingo Blanco, So\u00f1ora, Alan Velasco y Silvio Romero.<\/p>\n","protected":false},"excerpt":{"rendered":"<div class=\"mh-excerpt\"><p>Lucas Pusineri har\u00eda dos cambios en el mediocampo para visitar el pr\u00f3ximo domingo a Defensa y Justicia. Andr\u00e9s Roa y Pablo Hern\u00e1ndez saldr\u00edan del equipo titular. Pensando en el duelo del pr\u00f3ximo domingo ante Defensa <a class=\"mh-excerpt-more\" href=\"https:\/\/www.masrojo.com.ar\/home\/2020\/11\/13\/con-cambios\/\" title=\"CON CAMBIOS\">[&#8230;]<\/a><\/p>\n<\/div>","protected":false},"author":6,"featured_media":0,"comment_status":"closed","ping_status":"closed","sticky":false,"template":"","format":"image","meta":{"_jetpack_memberships_contains_paid_content":false,"footnotes":"","jetpack_publicize_message":"","jetpack_publicize_feature_enabled":true,"jetpack_social_post_already_shared":true,"jetpack_social_options":{"image_generator_settings":{"template":"highway","enabled":false},"version":2}},"categories":[4],"tags":[],"class_list":{"0":"post-44356","1":"post","2":"type-post","3":"status-publish","4":"format-image","6":"category-actualidad","7":"post_format-post-format-image"},"jetpack_publicize_connections":[],"jetpack_sharing_enabled":true,"jetpack_featured_media_url":"","jetpack_shortlink":"https:\/\/wp.me\/p90W9F-bxq","_links":{"self":[{"href":"https:\/\/www.masrojo.com.ar\/home\/wp-json\/wp\/v2\/posts\/44356"}],"collection":[{"href":"https:\/\/www.masrojo.com.ar\/home\/wp-json\/wp\/v2\/posts"}],"about":[{"href":"https:\/\/www.masrojo.com.ar\/home\/wp-json\/wp\/v2\/types\/post"}],"author":[{"embeddable":true,"href":"https:\/\/www.masrojo.com.ar\/home\/wp-json\/wp\/v2\/users\/6"}],"replies":[{"embeddable":true,"href":"https:\/\/www.masrojo.com.ar\/home\/wp-json\/wp\/v2\/comments?post=44356"}],"version-history":[{"count":1,"href":"https:\/\/www.masrojo.com.ar\/home\/wp-json\/wp\/v2\/posts\/44356\/revisions"}],"predecessor-version":[{"id":44363,"href":"https:\/\/www.masrojo.com.ar\/home\/wp-json\/wp\/v2\/posts\/44356\/revisions\/44363"}],"wp:attachment":[{"href":"https:\/\/www.masrojo.com.ar\/home\/wp-json\/wp\/v2\/media?parent=44356"}],"wp:term":[{"taxonomy":"category","embeddable":true,"href":"https:\/\/www.masrojo.com.ar\/home\/wp-json\/wp\/v2\/categories?post=44356"},{"taxonomy":"post_tag","embeddable":true,"href":"https:\/\/www.masrojo.com.ar\/home\/wp-json\/wp\/v2\/tags?post=44356"}],"curies":[{"name":"wp","href":"https:\/\/api.w.org\/{rel}","templated":true}]}}