{"id":44364,"date":"2020-11-13T08:43:19","date_gmt":"2020-11-13T11:43:19","guid":{"rendered":"https:\/\/www.masrojo.com.ar\/home\/?p=44364"},"modified":"2020-11-13T10:18:16","modified_gmt":"2020-11-13T13:18:16","slug":"alerta-sosa","status":"publish","type":"post","link":"https:\/\/www.masrojo.com.ar\/home\/2020\/11\/13\/alerta-sosa\/","title":{"rendered":"ALERTA SOSA"},"content":{"rendered":"<p style=\"text-align: justify;\">La figura de Independiente puede quedarse afuera del partido del domingo ante el Halc\u00f3n de Varela.<\/p>\n<p style=\"text-align: justify;\"><span class=\"css-901oao css-16my406 r-1qd0xha r-ad9z0x r-bcqeeo r-qvutc0\">Sebasti\u00e1n Sosa finaliz\u00f3 el encuentro ante <\/span><span class=\"r-18u37iz\">Col\u00f3n<\/span><span class=\"css-901oao css-16my406 r-1qd0xha r-ad9z0x r-bcqeeo r-qvutc0\"> con una molestia, el arquero qued\u00f3 sentido tras la pelota que disput\u00f3 luego de tapar el penal. El arquero ser\u00e1 evaluado entre ma\u00f1ana y el s\u00e1bado para ver si llega al encuentro vs <\/span><span class=\"r-18u37iz\">Defensa Y Justicia<\/span><span class=\"css-901oao css-16my406 r-1qd0xha r-ad9z0x r-bcqeeo r-qvutc0\">. <\/span><\/p>\n<p style=\"text-align: justify;\">Sebasti\u00e1n Sosa sufri\u00f3 una distensi\u00f3n de s\u00f3leo en la pierna derecha. Comenz\u00f3 la recuperaci\u00f3n con trabajos de kinesiolog\u00eda.<\/p>\n","protected":false},"excerpt":{"rendered":"<div class=\"mh-excerpt\"><p>La figura de Independiente puede quedarse afuera del partido del domingo ante el Halc\u00f3n de Varela. Sebasti\u00e1n Sosa finaliz\u00f3 el encuentro ante Col\u00f3n con una molestia, el arquero qued\u00f3 sentido tras la pelota que disput\u00f3 <a class=\"mh-excerpt-more\" href=\"https:\/\/www.masrojo.com.ar\/home\/2020\/11\/13\/alerta-sosa\/\" title=\"ALERTA SOSA\">[&#8230;]<\/a><\/p>\n<\/div>","protected":false},"author":6,"featured_media":0,"comment_status":"closed","ping_status":"closed","sticky":false,"template":"","format":"image","meta":{"_jetpack_memberships_contains_paid_content":false,"footnotes":"","jetpack_publicize_message":"","jetpack_publicize_feature_enabled":true,"jetpack_social_post_already_shared":true,"jetpack_social_options":{"image_generator_settings":{"template":"highway","enabled":false},"version":2}},"categories":[4],"tags":[],"class_list":{"0":"post-44364","1":"post","2":"type-post","3":"status-publish","4":"format-image","6":"category-actualidad","7":"post_format-post-format-image"},"jetpack_publicize_connections":[],"jetpack_sharing_enabled":true,"jetpack_featured_media_url":"","jetpack_shortlink":"https:\/\/wp.me\/p90W9F-bxy","_links":{"self":[{"href":"https:\/\/www.masrojo.com.ar\/home\/wp-json\/wp\/v2\/posts\/44364"}],"collection":[{"href":"https:\/\/www.masrojo.com.ar\/home\/wp-json\/wp\/v2\/posts"}],"about":[{"href":"https:\/\/www.masrojo.com.ar\/home\/wp-json\/wp\/v2\/types\/post"}],"author":[{"embeddable":true,"href":"https:\/\/www.masrojo.com.ar\/home\/wp-json\/wp\/v2\/users\/6"}],"replies":[{"embeddable":true,"href":"https:\/\/www.masrojo.com.ar\/home\/wp-json\/wp\/v2\/comments?post=44364"}],"version-history":[{"count":2,"href":"https:\/\/www.masrojo.com.ar\/home\/wp-json\/wp\/v2\/posts\/44364\/revisions"}],"predecessor-version":[{"id":44374,"href":"https:\/\/www.masrojo.com.ar\/home\/wp-json\/wp\/v2\/posts\/44364\/revisions\/44374"}],"wp:attachment":[{"href":"https:\/\/www.masrojo.com.ar\/home\/wp-json\/wp\/v2\/media?parent=44364"}],"wp:term":[{"taxonomy":"category","embeddable":true,"href":"https:\/\/www.masrojo.com.ar\/home\/wp-json\/wp\/v2\/categories?post=44364"},{"taxonomy":"post_tag","embeddable":true,"href":"https:\/\/www.masrojo.com.ar\/home\/wp-json\/wp\/v2\/tags?post=44364"}],"curies":[{"name":"wp","href":"https:\/\/api.w.org\/{rel}","templated":true}]}}