{"id":45342,"date":"2020-12-11T17:31:53","date_gmt":"2020-12-11T20:31:53","guid":{"rendered":"https:\/\/www.masrojo.com.ar\/home\/?p=45342"},"modified":"2020-12-11T17:31:53","modified_gmt":"2020-12-11T20:31:53","slug":"romero-lesionado","status":"publish","type":"post","link":"https:\/\/www.masrojo.com.ar\/home\/2020\/12\/11\/romero-lesionado\/","title":{"rendered":"Romero lesionado"},"content":{"rendered":"<p>Lucas Romero sufri\u00f3 una distensi\u00f3n en el soleo de la pierna izquierda; se supo luego de los resultados de los estudios que le realizaron esta ma\u00f1ana.<\/p>\n<p>Depender\u00e1 de su evoluci\u00f3n, pero se especula con que se perder\u00e1 la revancha frente a Lan\u00fas, del pr\u00f3ximo jueves ente Independiente y Lan\u00fas.<\/p>\n<p>&nbsp;<\/p>\n","protected":false},"excerpt":{"rendered":"<div class=\"mh-excerpt\"><p>Lucas Romero sufri\u00f3 una distensi\u00f3n en el soleo de la pierna izquierda; se supo luego de los resultados de los estudios que le realizaron esta ma\u00f1ana. Depender\u00e1 de su evoluci\u00f3n, pero se especula con que <a class=\"mh-excerpt-more\" href=\"https:\/\/www.masrojo.com.ar\/home\/2020\/12\/11\/romero-lesionado\/\" title=\"Romero lesionado\">[&#8230;]<\/a><\/p>\n<\/div>","protected":false},"author":6,"featured_media":0,"comment_status":"closed","ping_status":"closed","sticky":false,"template":"","format":"image","meta":{"_jetpack_memberships_contains_paid_content":false,"footnotes":"","jetpack_publicize_message":"","jetpack_publicize_feature_enabled":true,"jetpack_social_post_already_shared":true,"jetpack_social_options":{"image_generator_settings":{"template":"highway","enabled":false},"version":2}},"categories":[4],"tags":[],"class_list":{"0":"post-45342","1":"post","2":"type-post","3":"status-publish","4":"format-image","6":"category-actualidad","7":"post_format-post-format-image"},"jetpack_publicize_connections":[],"jetpack_sharing_enabled":true,"jetpack_featured_media_url":"","jetpack_shortlink":"https:\/\/wp.me\/p90W9F-bNk","_links":{"self":[{"href":"https:\/\/www.masrojo.com.ar\/home\/wp-json\/wp\/v2\/posts\/45342"}],"collection":[{"href":"https:\/\/www.masrojo.com.ar\/home\/wp-json\/wp\/v2\/posts"}],"about":[{"href":"https:\/\/www.masrojo.com.ar\/home\/wp-json\/wp\/v2\/types\/post"}],"author":[{"embeddable":true,"href":"https:\/\/www.masrojo.com.ar\/home\/wp-json\/wp\/v2\/users\/6"}],"replies":[{"embeddable":true,"href":"https:\/\/www.masrojo.com.ar\/home\/wp-json\/wp\/v2\/comments?post=45342"}],"version-history":[{"count":1,"href":"https:\/\/www.masrojo.com.ar\/home\/wp-json\/wp\/v2\/posts\/45342\/revisions"}],"predecessor-version":[{"id":45343,"href":"https:\/\/www.masrojo.com.ar\/home\/wp-json\/wp\/v2\/posts\/45342\/revisions\/45343"}],"wp:attachment":[{"href":"https:\/\/www.masrojo.com.ar\/home\/wp-json\/wp\/v2\/media?parent=45342"}],"wp:term":[{"taxonomy":"category","embeddable":true,"href":"https:\/\/www.masrojo.com.ar\/home\/wp-json\/wp\/v2\/categories?post=45342"},{"taxonomy":"post_tag","embeddable":true,"href":"https:\/\/www.masrojo.com.ar\/home\/wp-json\/wp\/v2\/tags?post=45342"}],"curies":[{"name":"wp","href":"https:\/\/api.w.org\/{rel}","templated":true}]}}