{"id":46344,"date":"2021-01-12T21:05:56","date_gmt":"2021-01-13T00:05:56","guid":{"rendered":"https:\/\/www.masrojo.com.ar\/home\/?p=46344"},"modified":"2021-01-12T21:05:56","modified_gmt":"2021-01-13T00:05:56","slug":"crespo-sigue-en-carpeta","status":"publish","type":"post","link":"https:\/\/www.masrojo.com.ar\/home\/2021\/01\/12\/crespo-sigue-en-carpeta\/","title":{"rendered":"CRESPO SIGUE EN CARPETA"},"content":{"rendered":"<p style=\"text-align: justify;\">Mientras definen en el Rojo si buscan o no m\u00e1nager para ocupar el cargo que dej\u00f3 Burruchaga, tambi\u00e9n tienen que ocuparse de buscar entrenador.<\/p>\n<p class=\"capital\" style=\"text-align: justify;\">Si bien se espera un c\u00f3nclave con todos los integrantes de la Comisi\u00f3n Directiva,\u00a0<b>la mayor\u00eda prefiere a Hern\u00e1n Crespo<\/b> a la hora de hablar del sucesor de Lucas Pusineri. Pero existen algunos impedimentos.<\/p>\n<p style=\"text-align: justify;\"><b>Crespo<\/b>, quien afronta la semifinal de la\u00a0<b>Copa Sudamericana<\/b>\u00a0y la definici\u00f3n de la Zona Complementaci\u00f3n de la\u00a0<b>Copa Diego Maradona<\/b>\u00a0con\u00a0<b>Defensa y Justicia<\/b>, fue el primero que apareci\u00f3 en carpeta y el \u00fanico que se mantiene con firmeza. Algunos directivos lo ven con buenos ojos, sobre todo porque tiene el plus de tener a\u00a0<b>Alejandro Kohan<\/b>, un viejo conocido, catalogado como una pieza clave en la obtenci\u00f3n de la Copa Sudamericana 2017, como preparador f\u00edsico.<\/p>\n<p style=\"text-align: justify;\">Pero a Crespo habr\u00eda que esperarlo hasta que finalice sus competencias con el Halc\u00f3n, y ah\u00ed aparece el escollo m\u00e1s importante: el equipo vuelve al trabajo el 21 de enero y en caso de llegar Defensa a la final de la Sudamericana habr\u00eda que esperar a Crespo m\u00ednimo hasta el 25 de enero a que pueda tomar el cargo.<\/p>\n<p>&nbsp;<\/p>\n<div align=\"center\">\n<div id=\"inline\" data-google-query-id=\"CIvdj77Nl-4CFbYCuQYdVnwAtg\"><\/div>\n<\/div>\n","protected":false},"excerpt":{"rendered":"<div class=\"mh-excerpt\"><p>Mientras definen en el Rojo si buscan o no m\u00e1nager para ocupar el cargo que dej\u00f3 Burruchaga, tambi\u00e9n tienen que ocuparse de buscar entrenador. Si bien se espera un c\u00f3nclave con todos los integrantes de <a class=\"mh-excerpt-more\" href=\"https:\/\/www.masrojo.com.ar\/home\/2021\/01\/12\/crespo-sigue-en-carpeta\/\" title=\"CRESPO SIGUE EN CARPETA\">[&#8230;]<\/a><\/p>\n<\/div>","protected":false},"author":6,"featured_media":0,"comment_status":"closed","ping_status":"closed","sticky":false,"template":"","format":"image","meta":{"_jetpack_memberships_contains_paid_content":false,"footnotes":"","jetpack_publicize_message":"","jetpack_publicize_feature_enabled":true,"jetpack_social_post_already_shared":true,"jetpack_social_options":{"image_generator_settings":{"template":"highway","enabled":false},"version":2}},"categories":[4],"tags":[],"class_list":{"0":"post-46344","1":"post","2":"type-post","3":"status-publish","4":"format-image","6":"category-actualidad","7":"post_format-post-format-image"},"jetpack_publicize_connections":[],"jetpack_sharing_enabled":true,"jetpack_featured_media_url":"","jetpack_shortlink":"https:\/\/wp.me\/p90W9F-c3u","_links":{"self":[{"href":"https:\/\/www.masrojo.com.ar\/home\/wp-json\/wp\/v2\/posts\/46344"}],"collection":[{"href":"https:\/\/www.masrojo.com.ar\/home\/wp-json\/wp\/v2\/posts"}],"about":[{"href":"https:\/\/www.masrojo.com.ar\/home\/wp-json\/wp\/v2\/types\/post"}],"author":[{"embeddable":true,"href":"https:\/\/www.masrojo.com.ar\/home\/wp-json\/wp\/v2\/users\/6"}],"replies":[{"embeddable":true,"href":"https:\/\/www.masrojo.com.ar\/home\/wp-json\/wp\/v2\/comments?post=46344"}],"version-history":[{"count":1,"href":"https:\/\/www.masrojo.com.ar\/home\/wp-json\/wp\/v2\/posts\/46344\/revisions"}],"predecessor-version":[{"id":46350,"href":"https:\/\/www.masrojo.com.ar\/home\/wp-json\/wp\/v2\/posts\/46344\/revisions\/46350"}],"wp:attachment":[{"href":"https:\/\/www.masrojo.com.ar\/home\/wp-json\/wp\/v2\/media?parent=46344"}],"wp:term":[{"taxonomy":"category","embeddable":true,"href":"https:\/\/www.masrojo.com.ar\/home\/wp-json\/wp\/v2\/categories?post=46344"},{"taxonomy":"post_tag","embeddable":true,"href":"https:\/\/www.masrojo.com.ar\/home\/wp-json\/wp\/v2\/tags?post=46344"}],"curies":[{"name":"wp","href":"https:\/\/api.w.org\/{rel}","templated":true}]}}