{"id":46352,"date":"2021-01-12T21:15:09","date_gmt":"2021-01-13T00:15:09","guid":{"rendered":"https:\/\/www.masrojo.com.ar\/home\/?p=46352"},"modified":"2021-01-12T21:15:09","modified_gmt":"2021-01-13T00:15:09","slug":"dabove-candidato","status":"publish","type":"post","link":"https:\/\/www.masrojo.com.ar\/home\/2021\/01\/12\/dabove-candidato\/","title":{"rendered":"DABOVE CANDIDATO"},"content":{"rendered":"<p style=\"text-align: justify;\">Un importante dirigente del Rojo se comunic\u00f3 con el entrenador que hoy renunci\u00f3 a su cargo en Argentinos Juniors y ahora compite cabeza a cabeza con Crespo.<\/p>\n<p style=\"text-align: justify;\">Independiente est\u00e1 enfocado en conseguir su nuevo entrenador y no pierde ni un minuto en la b\u00fasqueda. O por lo menos as\u00ed lo demostr\u00f3 hoy, cuando un dirigente importante se comunic\u00f3 con Diego Dabove, quien renunci\u00f3 hace apenas unas horas a su cargo de director t\u00e9cnico de Argentinos Juniors.<\/p>\n<p style=\"text-align: justify;\">Si bien parec\u00eda que Hern\u00e1n Crespo era el predilecto para ponerse el buzo de DT del Rojo, la salida de Dabove del Bicho cambi\u00f3 los planes de la instituci\u00f3n de Avellaneda y ahora ambos compiten cabeza a cabeza por ver quien comandar\u00e1 a Independiente desde el banco de suplentes.<\/p>\n<p style=\"text-align: justify;\">Lejos estuvo el llamado que recibi\u00f3 hoy Dabove de ser simplemente un sondeo, y as\u00ed lo expuso la voz que son\u00f3 del otro lado del tel\u00e9fono. Y es que quien se comunic\u00f3 con el entrenador fue H\u00e9ctor Yoyo Maldonado, Secretario General del Rojo, lo cual deja a las claras que la cosa va en serio.<\/p>\n<p style=\"text-align: justify;\">Si bien ten\u00eda contrato hasta junio de 2022 y hab\u00eda hecho con el Bicho una gran Copa Diego Maradona, el t\u00e9cnico de 47 a\u00f1os se reuni\u00f3 con los dirigentes del club de La Paternal y les dijo que \u00abel proceso est\u00e1 terminado\u00bb. A pesar del estupor que gener\u00f3 que la decisi\u00f3n del DT, hubo indicios d\u00edas anteriores que habr\u00edan anticipado su salida.<\/p>\n","protected":false},"excerpt":{"rendered":"<div class=\"mh-excerpt\"><p>Un importante dirigente del Rojo se comunic\u00f3 con el entrenador que hoy renunci\u00f3 a su cargo en Argentinos Juniors y ahora compite cabeza a cabeza con Crespo. Independiente est\u00e1 enfocado en conseguir su nuevo entrenador <a class=\"mh-excerpt-more\" href=\"https:\/\/www.masrojo.com.ar\/home\/2021\/01\/12\/dabove-candidato\/\" title=\"DABOVE CANDIDATO\">[&#8230;]<\/a><\/p>\n<\/div>","protected":false},"author":6,"featured_media":0,"comment_status":"closed","ping_status":"closed","sticky":false,"template":"","format":"image","meta":{"_jetpack_memberships_contains_paid_content":false,"footnotes":"","jetpack_publicize_message":"","jetpack_publicize_feature_enabled":true,"jetpack_social_post_already_shared":true,"jetpack_social_options":{"image_generator_settings":{"template":"highway","enabled":false},"version":2}},"categories":[4],"tags":[],"class_list":{"0":"post-46352","1":"post","2":"type-post","3":"status-publish","4":"format-image","6":"category-actualidad","7":"post_format-post-format-image"},"jetpack_publicize_connections":[],"jetpack_sharing_enabled":true,"jetpack_featured_media_url":"","jetpack_shortlink":"https:\/\/wp.me\/p90W9F-c3C","_links":{"self":[{"href":"https:\/\/www.masrojo.com.ar\/home\/wp-json\/wp\/v2\/posts\/46352"}],"collection":[{"href":"https:\/\/www.masrojo.com.ar\/home\/wp-json\/wp\/v2\/posts"}],"about":[{"href":"https:\/\/www.masrojo.com.ar\/home\/wp-json\/wp\/v2\/types\/post"}],"author":[{"embeddable":true,"href":"https:\/\/www.masrojo.com.ar\/home\/wp-json\/wp\/v2\/users\/6"}],"replies":[{"embeddable":true,"href":"https:\/\/www.masrojo.com.ar\/home\/wp-json\/wp\/v2\/comments?post=46352"}],"version-history":[{"count":1,"href":"https:\/\/www.masrojo.com.ar\/home\/wp-json\/wp\/v2\/posts\/46352\/revisions"}],"predecessor-version":[{"id":46359,"href":"https:\/\/www.masrojo.com.ar\/home\/wp-json\/wp\/v2\/posts\/46352\/revisions\/46359"}],"wp:attachment":[{"href":"https:\/\/www.masrojo.com.ar\/home\/wp-json\/wp\/v2\/media?parent=46352"}],"wp:term":[{"taxonomy":"category","embeddable":true,"href":"https:\/\/www.masrojo.com.ar\/home\/wp-json\/wp\/v2\/categories?post=46352"},{"taxonomy":"post_tag","embeddable":true,"href":"https:\/\/www.masrojo.com.ar\/home\/wp-json\/wp\/v2\/tags?post=46352"}],"curies":[{"name":"wp","href":"https:\/\/api.w.org\/{rel}","templated":true}]}}