{"id":46360,"date":"2021-01-13T20:17:50","date_gmt":"2021-01-13T23:17:50","guid":{"rendered":"https:\/\/www.masrojo.com.ar\/home\/?p=46360"},"modified":"2021-01-13T20:17:50","modified_gmt":"2021-01-13T23:17:50","slug":"rechace-la-propuesta-por-cuestiones-ligadas-al-ano-de-elecciones","status":"publish","type":"post","link":"https:\/\/www.masrojo.com.ar\/home\/2021\/01\/13\/rechace-la-propuesta-por-cuestiones-ligadas-al-ano-de-elecciones\/","title":{"rendered":"\u00abRechac\u00e9 la propuesta por cuestiones ligadas al a\u00f1o de elecciones\u00bb"},"content":{"rendered":"<p style=\"text-align: justify;\"><em><strong>Luego de rechazar recientemente la propuesta de\u00a0Independiente<\/strong>\u00a0como manager para reemplazar a Jorge Burruchaga, el ex defensor central\u00a0<strong>Nicol\u00e1s Burdisso fue entrevistado por <a href=\"http:\/\/detaco.com.ar\/2021\/01\/12\/nicolas-burdisso-en-argentina-aceptaria-un-proyecto-que-me-de-la-posibilidad-de-trabajar\/\">DETACO.COM.AR <\/a><\/strong>\u00a0<strong>busca nuevos desaf\u00edos para su carrera<\/strong>. Ya hace un a\u00f1o que se despidi\u00f3 de\u00a0Boca\u00a0como director deportivo, experiencia que le dej\u00f3 \u201csensaciones positivas\u201d, y ahora analiza posibles nuevos destinos para desembarcar, tanto en Sudam\u00e9rica como en Europa.<\/em><\/p>\n<p style=\"text-align: justify;\"><strong>-En este mes tuviste un acercamiento para ser manager de Independiente, pero expresaste que tu idea era ir al f\u00fatbol italiano para un nuevo cargo\u2026 \u00bftu futuro est\u00e1 cerca de Europa o de Argentina?<\/strong><\/p>\n<p style=\"text-align: justify;\">-S\u00ed,\u00a0<strong>tuve contacto con la gente de Independiente<\/strong>. Me junt\u00e9, hablamos de c\u00f3mo era hoy la situaci\u00f3n del club y de mis ideas. Fue una buena charla, pero\u00a0<strong>rechac\u00e9 la propuesta por cuestiones ligadas al a\u00f1o de elecciones<\/strong>.\u00a0<strong>Ya pas\u00e9 por la situaci\u00f3n de estar trabajando durante un a\u00f1o y tener que cortar proyectos por una cuesti\u00f3n pol\u00edtica<\/strong>, no quisiera que otra vez me pase lo mismo. Mi futuro est\u00e1 en el f\u00fatbol obviamente, siempre como director deportivo. Puede ser en Sudam\u00e9rica o en Europa. No tengo la ansiedad de volver a Europa, porque s\u00e9 que voy a volver, y\u00a0<strong>en Argentina aceptar\u00eda un proyecto que me d\u00e9 la posibilidad de trabajar<\/strong>.<\/p>\n<p style=\"text-align: justify;\"><strong>-\u00bfQu\u00e9 es lo que busc\u00e1s como manager en un equipo?<br \/>\n<\/strong><\/p>\n<p style=\"text-align: justify;\">-En un proyecto t\u00e9cnico lo que busco es desarrollar una idea que permita alcanzar los objetivos que establece el club o los dirigentes. Hay lugares hist\u00f3ricos que tienen los objetivos definidos, pero la mayor\u00eda de clubes van definiendo sus objetivos a\u00f1o a a\u00f1o.\u00a0<strong>El director deportivo es el encargado de decidir y delinear<\/strong>\u00a0las formas para llegar a esos objetivos:\u00a0<strong>el armado del plantel, la decisi\u00f3n del t\u00e9cnico, la elecci\u00f3n de los jugadores junto con el t\u00e9cnico, el desarrollo del \u2018scouting\u2019 para buscar jugadores y, obviamente, las divisiones inferiores<\/strong>. Junto a esto tambi\u00e9n la comunicaci\u00f3n, la imagen del club y un mont\u00f3n de otras cosas m\u00e1s. Esa es mi manera de trabajar y as\u00ed la entiendo.<\/p>\n<p style=\"text-align: justify;\"><strong>-\u00bfQu\u00e9 mir\u00e1s a la hora de buscar un t\u00e9cnico o comprar y vender jugadores?<\/strong><\/p>\n<p style=\"text-align: justify;\">-Hay un mont\u00f3n de par\u00e1metros y est\u00e1n ligados, netamente, a los objetivos del club. Si un club quiere comprar y vender jugadores para aumentar su capital, obviamente voy a tener que buscar un perfil de entrenador, pero si un club quiere ganar la Conmebol Libertadores o la Champions League, objetivamente, voy a tener que elegir otro perfil de entrenador y otro tipo de jugadores para construir un plantel competitivo.\u00a0<strong>Siempre se adapta todo a dos cuestiones casi b\u00e1sicas que son los objetivos y los recursos, respetando la historia del lugar<\/strong>.<\/p>\n<p style=\"text-align: justify;\"><strong>-Por \u00faltimo, \u00bfen alg\u00fan momento de tu vida te ves como dirigente de f\u00fatbol o lo descart\u00e1s por completo?<\/strong><\/p>\n<p style=\"text-align: justify;\">-Me veo como director deportivo, no como dirigente administrativo. Jam\u00e1s, porque vengo de la cancha y me prepar\u00e9 para ser entrenador. Y\u00a0<strong>eleg\u00ed ser director deportivo porque es mucho m\u00e1s grande, el impacto es mucho m\u00e1s general<\/strong>, tengo capacidades para hacer m\u00e1s cosas que surgen en la cancha, estoy al servicio del t\u00e9cnico y\u00a0<strong>me gusta desarrollar proyectos deportivos<\/strong>, desde abajo hasta arriba.<\/p>\n<!--[if lt IE 9]><script>document.createElement('audio');<\/script><![endif]-->\n<audio class=\"wp-audio-shortcode\" id=\"audio-46360-1\" preload=\"none\" style=\"width: 100%;\" controls=\"controls\"><source type=\"audio\/mpeg\" src=\"https:\/\/www.masrojo.com.ar\/home\/wp-content\/uploads\/WhatsApp-Audio-2021-01-13-at-16.29.34-online-audio-converter.com_.mp3?_=1\" \/><a href=\"https:\/\/www.masrojo.com.ar\/home\/wp-content\/uploads\/WhatsApp-Audio-2021-01-13-at-16.29.34-online-audio-converter.com_.mp3\">https:\/\/www.masrojo.com.ar\/home\/wp-content\/uploads\/WhatsApp-Audio-2021-01-13-at-16.29.34-online-audio-converter.com_.mp3<\/a><\/audio>\n<p>Entrevista de <a href=\"https:\/\/twitter.com\/sabrinaotaegui\">SABRINA OTAEGUI<\/a> para Detaco.com.ar<\/p>\n","protected":false},"excerpt":{"rendered":"<div class=\"mh-excerpt\"><p>Luego de rechazar recientemente la propuesta de\u00a0Independiente\u00a0como manager para reemplazar a Jorge Burruchaga, el ex defensor central\u00a0Nicol\u00e1s Burdisso fue entrevistado por DETACO.COM.AR \u00a0busca nuevos desaf\u00edos para su carrera. Ya hace un a\u00f1o que se despidi\u00f3 <a class=\"mh-excerpt-more\" href=\"https:\/\/www.masrojo.com.ar\/home\/2021\/01\/13\/rechace-la-propuesta-por-cuestiones-ligadas-al-ano-de-elecciones\/\" title=\"\u00abRechac\u00e9 la propuesta por cuestiones ligadas al a\u00f1o de elecciones\u00bb\">[&#8230;]<\/a><\/p>\n<\/div>","protected":false},"author":6,"featured_media":0,"comment_status":"closed","ping_status":"closed","sticky":false,"template":"","format":"audio","meta":{"_jetpack_memberships_contains_paid_content":false,"footnotes":"","jetpack_publicize_message":"","jetpack_publicize_feature_enabled":true,"jetpack_social_post_already_shared":true,"jetpack_social_options":{"image_generator_settings":{"template":"highway","enabled":false},"version":2}},"categories":[4],"tags":[],"class_list":{"0":"post-46360","1":"post","2":"type-post","3":"status-publish","4":"format-audio","6":"category-actualidad","7":"post_format-post-format-audio"},"jetpack_publicize_connections":[],"jetpack_sharing_enabled":true,"jetpack_featured_media_url":"","jetpack_shortlink":"https:\/\/wp.me\/p90W9F-c3K","_links":{"self":[{"href":"https:\/\/www.masrojo.com.ar\/home\/wp-json\/wp\/v2\/posts\/46360"}],"collection":[{"href":"https:\/\/www.masrojo.com.ar\/home\/wp-json\/wp\/v2\/posts"}],"about":[{"href":"https:\/\/www.masrojo.com.ar\/home\/wp-json\/wp\/v2\/types\/post"}],"author":[{"embeddable":true,"href":"https:\/\/www.masrojo.com.ar\/home\/wp-json\/wp\/v2\/users\/6"}],"replies":[{"embeddable":true,"href":"https:\/\/www.masrojo.com.ar\/home\/wp-json\/wp\/v2\/comments?post=46360"}],"version-history":[{"count":1,"href":"https:\/\/www.masrojo.com.ar\/home\/wp-json\/wp\/v2\/posts\/46360\/revisions"}],"predecessor-version":[{"id":46367,"href":"https:\/\/www.masrojo.com.ar\/home\/wp-json\/wp\/v2\/posts\/46360\/revisions\/46367"}],"wp:attachment":[{"href":"https:\/\/www.masrojo.com.ar\/home\/wp-json\/wp\/v2\/media?parent=46360"}],"wp:term":[{"taxonomy":"category","embeddable":true,"href":"https:\/\/www.masrojo.com.ar\/home\/wp-json\/wp\/v2\/categories?post=46360"},{"taxonomy":"post_tag","embeddable":true,"href":"https:\/\/www.masrojo.com.ar\/home\/wp-json\/wp\/v2\/tags?post=46360"}],"curies":[{"name":"wp","href":"https:\/\/api.w.org\/{rel}","templated":true}]}}