{"id":46368,"date":"2021-01-13T22:19:39","date_gmt":"2021-01-14T01:19:39","guid":{"rendered":"https:\/\/www.masrojo.com.ar\/home\/?p=46368"},"modified":"2021-01-13T22:19:39","modified_gmt":"2021-01-14T01:19:39","slug":"reunion-de-cd-palazzo-toma-el-lugar-de-damiani","status":"publish","type":"post","link":"https:\/\/www.masrojo.com.ar\/home\/2021\/01\/13\/reunion-de-cd-palazzo-toma-el-lugar-de-damiani\/","title":{"rendered":"REUNI\u00d3N DE CD: PALAZZO TOMA EL LUGAR DE DAMIANI"},"content":{"rendered":"<p style=\"text-align: justify;\">\u00c9sta tarde se llev\u00f3 a cabo una reuni\u00f3n de comisi\u00f3n directiva en la sede de Avenida Mitre<\/p>\n<p style=\"text-align: justify;\">Coo es costrubre no estuvieron presentes ni Hugo ni Pablo Moyano. En la que tampoco estuvieron varios miembros en disconformidad con la gesti\u00f3n. No estuvieron los principales como Carlos Monta\u00f1a (vice segundo y Adri\u00e1n Esposito (secretario administrativo). Maldonado, Palazzo, Garcia, Ruzal, Lusnig, Benjamin, Rubio, Mulleady, Gonz\u00e1lez, Frutos y Novoa fueron los miembros presentes en la reuni\u00f3n.<\/p>\n<p style=\"text-align: justify;\">En la reuni\u00f3n se lleg\u00f3 al acuero de que Sergio Palazzo, qui\u00e9n es primer vocal titular, ocupe el lugar de secretario deportivo en lugar de Jorge Damiani qui\u00e9n solicit\u00f3 licencia.<\/p>\n<p style=\"text-align: justify;\">Adem\u00e1s en el rol administrativo estar\u00e1 a cargo de Yahir Gendler en lugar de Esp\u00f3sito.<\/p>\n<p style=\"text-align: justify;\">Por otro lado se habl\u00f3 de los nombres para el cargo de m\u00e1nager donde gust\u00f3 lo expuesto por Maldonado en la reuni\u00f3n con Roberto Nanni.<\/p>\n<p style=\"text-align: justify;\">Y respecto del entrenador, Crespo sigue siendo la primera opci\u00f3n. Adem\u00e1s surgieron los nombres de Kudelka y el cacique Medina<\/p>\n<p>&nbsp;<\/p>\n","protected":false},"excerpt":{"rendered":"<div class=\"mh-excerpt\"><p>\u00c9sta tarde se llev\u00f3 a cabo una reuni\u00f3n de comisi\u00f3n directiva en la sede de Avenida Mitre Coo es costrubre no estuvieron presentes ni Hugo ni Pablo Moyano. En la que tampoco estuvieron varios miembros <a class=\"mh-excerpt-more\" href=\"https:\/\/www.masrojo.com.ar\/home\/2021\/01\/13\/reunion-de-cd-palazzo-toma-el-lugar-de-damiani\/\" title=\"REUNI\u00d3N DE CD: PALAZZO TOMA EL LUGAR DE DAMIANI\">[&#8230;]<\/a><\/p>\n<\/div>","protected":false},"author":6,"featured_media":46369,"comment_status":"closed","ping_status":"closed","sticky":false,"template":"","format":"image","meta":{"_jetpack_memberships_contains_paid_content":false,"footnotes":"","jetpack_publicize_message":"","jetpack_publicize_feature_enabled":true,"jetpack_social_post_already_shared":true,"jetpack_social_options":{"image_generator_settings":{"template":"highway","enabled":false},"version":2}},"categories":[4],"tags":[],"class_list":{"0":"post-46368","1":"post","2":"type-post","3":"status-publish","4":"format-image","5":"has-post-thumbnail","7":"category-actualidad","8":"post_format-post-format-image"},"jetpack_publicize_connections":[],"jetpack_sharing_enabled":true,"jetpack_featured_media_url":"https:\/\/i0.wp.com\/www.masrojo.com.ar\/home\/wp-content\/uploads\/PALAZZO.jpg?fit=960%2C640&ssl=1","jetpack_shortlink":"https:\/\/wp.me\/p90W9F-c3S","_links":{"self":[{"href":"https:\/\/www.masrojo.com.ar\/home\/wp-json\/wp\/v2\/posts\/46368"}],"collection":[{"href":"https:\/\/www.masrojo.com.ar\/home\/wp-json\/wp\/v2\/posts"}],"about":[{"href":"https:\/\/www.masrojo.com.ar\/home\/wp-json\/wp\/v2\/types\/post"}],"author":[{"embeddable":true,"href":"https:\/\/www.masrojo.com.ar\/home\/wp-json\/wp\/v2\/users\/6"}],"replies":[{"embeddable":true,"href":"https:\/\/www.masrojo.com.ar\/home\/wp-json\/wp\/v2\/comments?post=46368"}],"version-history":[{"count":1,"href":"https:\/\/www.masrojo.com.ar\/home\/wp-json\/wp\/v2\/posts\/46368\/revisions"}],"predecessor-version":[{"id":46375,"href":"https:\/\/www.masrojo.com.ar\/home\/wp-json\/wp\/v2\/posts\/46368\/revisions\/46375"}],"wp:featuredmedia":[{"embeddable":true,"href":"https:\/\/www.masrojo.com.ar\/home\/wp-json\/wp\/v2\/media\/46369"}],"wp:attachment":[{"href":"https:\/\/www.masrojo.com.ar\/home\/wp-json\/wp\/v2\/media?parent=46368"}],"wp:term":[{"taxonomy":"category","embeddable":true,"href":"https:\/\/www.masrojo.com.ar\/home\/wp-json\/wp\/v2\/categories?post=46368"},{"taxonomy":"post_tag","embeddable":true,"href":"https:\/\/www.masrojo.com.ar\/home\/wp-json\/wp\/v2\/tags?post=46368"}],"curies":[{"name":"wp","href":"https:\/\/api.w.org\/{rel}","templated":true}]}}