{"id":46376,"date":"2021-01-13T22:25:18","date_gmt":"2021-01-14T01:25:18","guid":{"rendered":"https:\/\/www.masrojo.com.ar\/home\/?p=46376"},"modified":"2021-01-13T22:25:18","modified_gmt":"2021-01-14T01:25:18","slug":"nanni-en-carpeta-como-manager","status":"publish","type":"post","link":"https:\/\/www.masrojo.com.ar\/home\/2021\/01\/13\/nanni-en-carpeta-como-manager\/","title":{"rendered":"NANNI EN CARPETA COMO M\u00c1NAGER"},"content":{"rendered":"<div class=\"css-1dbjc4n\">\n<div id=\"tweet-text\" class=\"css-901oao r-18jsvk2 r-1qd0xha r-a023e6 r-16dba41 r-ad9z0x r-bcqeeo r-bnwqim r-qvutc0\" dir=\"auto\" lang=\"es\" style=\"text-align: justify;\"><span class=\"css-901oao css-16my406 r-poiln3 r-bcqeeo r-qvutc0\">Ayer se juntaron en el Hotel Scala durante 3hs Roberto <\/span><span class=\"css-901oao css-16my406 r-poiln3 r-b88u0q r-bcqeeo r-qvutc0\">Nanni<\/span><span class=\"css-901oao css-16my406 r-poiln3 r-bcqeeo r-qvutc0\"> y H\u00e9ctor Maldonado. La charla fue para conocer los alcances del trabajo del ex Velez en Cerro Porte\u00f1o y cual es su posible proyecto para aplicar en <\/span><span class=\"r-18u37iz\">Independiente<\/span><\/div>\n<div dir=\"auto\" lang=\"es\" style=\"text-align: justify;\"><\/div>\n<div class=\"css-901oao r-18jsvk2 r-1qd0xha r-a023e6 r-16dba41 r-ad9z0x r-bcqeeo r-bnwqim r-qvutc0\" dir=\"auto\" lang=\"es\" style=\"text-align: justify;\"><span class=\"css-901oao css-16my406 r-poiln3 r-bcqeeo r-qvutc0\">El directivo present\u00f3 el informe la en <a href=\"https:\/\/www.masrojo.com.ar\/home\/2021\/01\/13\/reunion-de-cd-palazzo-toma-el-lugar-de-damiani\/\">reuni\u00f3n de CD<\/a>. Roberto <span class=\"css-901oao css-16my406 r-poiln3 r-b88u0q r-bcqeeo r-qvutc0\">Nanni<\/span> fue Manager de Cerro Porte\u00f1o por un a\u00f1o. En Paraguay llev\u00f3 a Miguel Russo como DT y contrat\u00f3 a Juan Pablo Carrizo, Joaqu\u00edn Larrivey, Fernando Amorebieta, Salustiano Candia, Pachi Carrizo, entre otros.<\/span><\/div>\n<\/div>\n<div dir=\"auto\" lang=\"es\" style=\"text-align: justify;\">\n<p><b>Asumi\u00f3 en el equipo paraguayo a fines del 2018<\/b>\u00a0para trabajar de manera conjunta con el entrenador espa\u00f1ol Fernando Jubero, quien termin\u00f3 siendo apartado a mediados de 2019. Su aventura dur\u00f3 seis meses m\u00e1s, ya que\u00a0<b>el equipo no cumpli\u00f3 con los objetivos establecidos<\/b>, como la conquista de los torneos Apertura y Clausura . La decisi\u00f3n se tom\u00f3 tras el regreso de Francisco Arce a la direcci\u00f3n t\u00e9cnica del equipo.<\/p>\n<p>Nanni, de 39 a\u00f1os, surgi\u00f3 como goleador en V\u00e9lez, donde jug\u00f3 en tres ciclos distintos y siendo el \u00fanico club en el que actu\u00f3 en la Argentina. Adem\u00e1s, lo hizo en varios equipos de Europa y Am\u00e9rica. Sus mejores a\u00f1os fueron entre 2009 y 2013 con la camiseta de Cerro Porte\u00f1o, de Paraguay, en el que convirti\u00f3 en total 59 goles.<\/p>\n<\/div>\n<div dir=\"auto\" lang=\"es\" style=\"text-align: justify;\"><\/div>\n<div dir=\"auto\" lang=\"es\" style=\"text-align: justify;\">Par los pr\u00f3ximos d\u00edas tendr\u00e1 una reuni\u00f3n con la CD del \u00abRojo\u00bb y presentar\u00e1 su proyecto deportivo para ocupar el cargo de m\u00e1nager.<\/div>\n<div class=\"css-1dbjc4n\">\n<div id=\"tweet-rich-content-label\" class=\"css-1dbjc4n\" aria-labelledby=\"quote-tweet-label tweet-card-label\">\n<div class=\"css-1dbjc4n\">\n<div class=\"css-1dbjc4n r-1bs4hfb r-1867qdf r-1phboty r-rs99b7 r-156q2ks r-1ny4l3l r-1udh08x r-o7ynqc r-6416eg\">\n<div class=\"css-1dbjc4n\"><\/div>\n<\/div>\n<\/div>\n<\/div>\n<\/div>\n","protected":false},"excerpt":{"rendered":"<div class=\"mh-excerpt\"><p>Ayer se juntaron en el Hotel Scala durante 3hs Roberto Nanni y H\u00e9ctor Maldonado. La charla fue para conocer los alcances del trabajo del ex Velez en Cerro Porte\u00f1o y cual es su posible proyecto <a class=\"mh-excerpt-more\" href=\"https:\/\/www.masrojo.com.ar\/home\/2021\/01\/13\/nanni-en-carpeta-como-manager\/\" title=\"NANNI EN CARPETA COMO M\u00c1NAGER\">[&#8230;]<\/a><\/p>\n<\/div>","protected":false},"author":6,"featured_media":0,"comment_status":"closed","ping_status":"closed","sticky":false,"template":"","format":"image","meta":{"_jetpack_memberships_contains_paid_content":false,"footnotes":"","jetpack_publicize_message":"","jetpack_publicize_feature_enabled":true,"jetpack_social_post_already_shared":true,"jetpack_social_options":{"image_generator_settings":{"template":"highway","enabled":false},"version":2}},"categories":[4],"tags":[],"class_list":{"0":"post-46376","1":"post","2":"type-post","3":"status-publish","4":"format-image","6":"category-actualidad","7":"post_format-post-format-image"},"jetpack_publicize_connections":[],"jetpack_sharing_enabled":true,"jetpack_featured_media_url":"","jetpack_shortlink":"https:\/\/wp.me\/p90W9F-c40","_links":{"self":[{"href":"https:\/\/www.masrojo.com.ar\/home\/wp-json\/wp\/v2\/posts\/46376"}],"collection":[{"href":"https:\/\/www.masrojo.com.ar\/home\/wp-json\/wp\/v2\/posts"}],"about":[{"href":"https:\/\/www.masrojo.com.ar\/home\/wp-json\/wp\/v2\/types\/post"}],"author":[{"embeddable":true,"href":"https:\/\/www.masrojo.com.ar\/home\/wp-json\/wp\/v2\/users\/6"}],"replies":[{"embeddable":true,"href":"https:\/\/www.masrojo.com.ar\/home\/wp-json\/wp\/v2\/comments?post=46376"}],"version-history":[{"count":1,"href":"https:\/\/www.masrojo.com.ar\/home\/wp-json\/wp\/v2\/posts\/46376\/revisions"}],"predecessor-version":[{"id":46383,"href":"https:\/\/www.masrojo.com.ar\/home\/wp-json\/wp\/v2\/posts\/46376\/revisions\/46383"}],"wp:attachment":[{"href":"https:\/\/www.masrojo.com.ar\/home\/wp-json\/wp\/v2\/media?parent=46376"}],"wp:term":[{"taxonomy":"category","embeddable":true,"href":"https:\/\/www.masrojo.com.ar\/home\/wp-json\/wp\/v2\/categories?post=46376"},{"taxonomy":"post_tag","embeddable":true,"href":"https:\/\/www.masrojo.com.ar\/home\/wp-json\/wp\/v2\/tags?post=46376"}],"curies":[{"name":"wp","href":"https:\/\/api.w.org\/{rel}","templated":true}]}}