{"id":46424,"date":"2021-01-14T22:09:36","date_gmt":"2021-01-15T01:09:36","guid":{"rendered":"https:\/\/www.masrojo.com.ar\/home\/?p=46424"},"modified":"2021-01-14T22:09:36","modified_gmt":"2021-01-15T01:09:36","slug":"reunion-con-lavallen","status":"publish","type":"post","link":"https:\/\/www.masrojo.com.ar\/home\/2021\/01\/14\/reunion-con-lavallen\/","title":{"rendered":"REUNI\u00d3N CON LAVALL\u00c9N"},"content":{"rendered":"<p style=\"text-align: justify;\">El entrenador se junt\u00f3 con los directivos de Independiente y tuvo la posibilidad de presentar su proyecto. De todas formas, Hern\u00e1n Crespo sigue siendo el principal apuntado.<\/p>\n<p style=\"text-align: justify;\">Independiente sigue en la b\u00fasqueda de su nuevo entrenador y por eso los dirigentes del conjunto de Avellaneda se reunieron con un nuevo candidato: Pablo Lavall\u00e9n. De todos modos, por ahora fue con el \u00fanico objetivo de escuchar la propuesta del entrenador que llev\u00f3 a Col\u00f3n a la final de la Copa Sudamericana 2019.<\/p>\n<p style=\"text-align: justify;\">El DT se reuni\u00f3 por la tarde con el secretario general del club, H\u00e9ctor Maldonado, y el nuevo secretario deportivo, Jorge Palazzo. Ambos escucharon con atenci\u00f3n al hombre de 48 a\u00f1os y luego se encargar\u00e1n de transmitirles sus sensaciones al presidente de la instituci\u00f3n, Hugo Moyano, quien al igual que se hijo Pablo se encuentra de vacaciones y no estuvo en el club en los \u00faltimos d\u00edas. El encuentro fue gestionado por Yoyo Maldonado y Juan Cruz Oller, representante del t\u00e9cnico.<\/p>\n<p style=\"text-align: justify;\">Pese a esta reuni\u00f3n,\u00a0<b>el candidato principal a convertirse en el nuevo director t\u00e9cnico de Independiente sigue siendo Hern\u00e1n Crespo.<\/b>\u00a0El inconveniente central con el actual entrenador de Defensa y Justicia es que sus tiempos no coinciden con la urgencia del Rojo de contratar un entrenador, ya que afronta la semifinal de vuelta de la Copa Sudamericana (16\/1 ante Coquimbo Unido).<\/p>\n","protected":false},"excerpt":{"rendered":"<div class=\"mh-excerpt\"><p>El entrenador se junt\u00f3 con los directivos de Independiente y tuvo la posibilidad de presentar su proyecto. De todas formas, Hern\u00e1n Crespo sigue siendo el principal apuntado. Independiente sigue en la b\u00fasqueda de su nuevo <a class=\"mh-excerpt-more\" href=\"https:\/\/www.masrojo.com.ar\/home\/2021\/01\/14\/reunion-con-lavallen\/\" title=\"REUNI\u00d3N CON LAVALL\u00c9N\">[&#8230;]<\/a><\/p>\n<\/div>","protected":false},"author":6,"featured_media":0,"comment_status":"closed","ping_status":"closed","sticky":false,"template":"","format":"image","meta":{"_jetpack_memberships_contains_paid_content":false,"footnotes":"","jetpack_publicize_message":"","jetpack_publicize_feature_enabled":true,"jetpack_social_post_already_shared":true,"jetpack_social_options":{"image_generator_settings":{"template":"highway","enabled":false},"version":2}},"categories":[4],"tags":[],"class_list":{"0":"post-46424","1":"post","2":"type-post","3":"status-publish","4":"format-image","6":"category-actualidad","7":"post_format-post-format-image"},"jetpack_publicize_connections":[],"jetpack_sharing_enabled":true,"jetpack_featured_media_url":"","jetpack_shortlink":"https:\/\/wp.me\/p90W9F-c4M","_links":{"self":[{"href":"https:\/\/www.masrojo.com.ar\/home\/wp-json\/wp\/v2\/posts\/46424"}],"collection":[{"href":"https:\/\/www.masrojo.com.ar\/home\/wp-json\/wp\/v2\/posts"}],"about":[{"href":"https:\/\/www.masrojo.com.ar\/home\/wp-json\/wp\/v2\/types\/post"}],"author":[{"embeddable":true,"href":"https:\/\/www.masrojo.com.ar\/home\/wp-json\/wp\/v2\/users\/6"}],"replies":[{"embeddable":true,"href":"https:\/\/www.masrojo.com.ar\/home\/wp-json\/wp\/v2\/comments?post=46424"}],"version-history":[{"count":1,"href":"https:\/\/www.masrojo.com.ar\/home\/wp-json\/wp\/v2\/posts\/46424\/revisions"}],"predecessor-version":[{"id":46431,"href":"https:\/\/www.masrojo.com.ar\/home\/wp-json\/wp\/v2\/posts\/46424\/revisions\/46431"}],"wp:attachment":[{"href":"https:\/\/www.masrojo.com.ar\/home\/wp-json\/wp\/v2\/media?parent=46424"}],"wp:term":[{"taxonomy":"category","embeddable":true,"href":"https:\/\/www.masrojo.com.ar\/home\/wp-json\/wp\/v2\/categories?post=46424"},{"taxonomy":"post_tag","embeddable":true,"href":"https:\/\/www.masrojo.com.ar\/home\/wp-json\/wp\/v2\/tags?post=46424"}],"curies":[{"name":"wp","href":"https:\/\/api.w.org\/{rel}","templated":true}]}}