{"id":46432,"date":"2021-01-14T22:19:38","date_gmt":"2021-01-15T01:19:38","guid":{"rendered":"https:\/\/www.masrojo.com.ar\/home\/?p=46432"},"modified":"2021-01-14T22:19:38","modified_gmt":"2021-01-15T01:19:38","slug":"todo-apunta-a-la-dupla-crespo-kohan","status":"publish","type":"post","link":"https:\/\/www.masrojo.com.ar\/home\/2021\/01\/14\/todo-apunta-a-la-dupla-crespo-kohan\/","title":{"rendered":"Todo apunta a la dupla Crespo &#8211; Kohan"},"content":{"rendered":"<p style=\"text-align: justify;\">Sigue la b\u00fasqueda de entrenador en Independiente aunque todos los caminos conducen a Hern\u00e1n Crespo con Alejandro Kohan<\/p>\n<p style=\"text-align: justify;\">Ya hubo charlas con el representante, aunque queda supeditado a la participaci\u00f3n de Defensa y Justicia en la Copa Sudamericana.<\/p>\n<p style=\"text-align: justify;\">Pese a reuniones con otros entrenadores como Dabove y Lavall\u00e9n y posibles m\u00e1nager como Burdisso y Nanni, todo apunta <span class=\"css-901oao css-16my406 r-poiln3 r-bcqeeo r-qvutc0\">para que no llegue ning\u00fan manager y esperar a que <\/span><span class=\"css-901oao css-16my406 r-poiln3 r-b88u0q r-bcqeeo r-qvutc0\">Crespo<\/span><span class=\"css-901oao css-16my406 r-poiln3 r-bcqeeo r-qvutc0\"> termine la participaci\u00f3n en la Sudamericana con Defensa y Justicia (este s\u00e1bado o el 23).<\/span><\/p>\n<p style=\"text-align: justify;\">En el peor de los casos, el conjunto de Avellaneda tendr\u00e1 que esperar como m\u00e1ximo hasta el 23 enero, fecha en la que se disputar\u00e1 el partido por el t\u00edtulo continental en el estadio Mario Alberto Kempes, de C\u00f3rdoba, para avanzar con el tema del DT. Si es as\u00ed, el calendario quedar\u00eda apretado, puesto que Independiente tiene previsto volver a los entrenamientos el 21 de enero, con vistas al pr\u00f3ximo torneo, que se pondr\u00e1 en marchar el 14 de febrero.<\/p>\n<div class=\"related-article\"><\/div>\n","protected":false},"excerpt":{"rendered":"<div class=\"mh-excerpt\"><p>Sigue la b\u00fasqueda de entrenador en Independiente aunque todos los caminos conducen a Hern\u00e1n Crespo con Alejandro Kohan Ya hubo charlas con el representante, aunque queda supeditado a la participaci\u00f3n de Defensa y Justicia en <a class=\"mh-excerpt-more\" href=\"https:\/\/www.masrojo.com.ar\/home\/2021\/01\/14\/todo-apunta-a-la-dupla-crespo-kohan\/\" title=\"Todo apunta a la dupla Crespo &#8211; Kohan\">[&#8230;]<\/a><\/p>\n<\/div>","protected":false},"author":6,"featured_media":0,"comment_status":"closed","ping_status":"closed","sticky":false,"template":"","format":"image","meta":{"_jetpack_memberships_contains_paid_content":false,"footnotes":"","jetpack_publicize_message":"","jetpack_publicize_feature_enabled":true,"jetpack_social_post_already_shared":true,"jetpack_social_options":{"image_generator_settings":{"template":"highway","enabled":false},"version":2}},"categories":[4],"tags":[],"class_list":{"0":"post-46432","1":"post","2":"type-post","3":"status-publish","4":"format-image","6":"category-actualidad","7":"post_format-post-format-image"},"jetpack_publicize_connections":[],"jetpack_sharing_enabled":true,"jetpack_featured_media_url":"","jetpack_shortlink":"https:\/\/wp.me\/p90W9F-c4U","_links":{"self":[{"href":"https:\/\/www.masrojo.com.ar\/home\/wp-json\/wp\/v2\/posts\/46432"}],"collection":[{"href":"https:\/\/www.masrojo.com.ar\/home\/wp-json\/wp\/v2\/posts"}],"about":[{"href":"https:\/\/www.masrojo.com.ar\/home\/wp-json\/wp\/v2\/types\/post"}],"author":[{"embeddable":true,"href":"https:\/\/www.masrojo.com.ar\/home\/wp-json\/wp\/v2\/users\/6"}],"replies":[{"embeddable":true,"href":"https:\/\/www.masrojo.com.ar\/home\/wp-json\/wp\/v2\/comments?post=46432"}],"version-history":[{"count":1,"href":"https:\/\/www.masrojo.com.ar\/home\/wp-json\/wp\/v2\/posts\/46432\/revisions"}],"predecessor-version":[{"id":46439,"href":"https:\/\/www.masrojo.com.ar\/home\/wp-json\/wp\/v2\/posts\/46432\/revisions\/46439"}],"wp:attachment":[{"href":"https:\/\/www.masrojo.com.ar\/home\/wp-json\/wp\/v2\/media?parent=46432"}],"wp:term":[{"taxonomy":"category","embeddable":true,"href":"https:\/\/www.masrojo.com.ar\/home\/wp-json\/wp\/v2\/categories?post=46432"},{"taxonomy":"post_tag","embeddable":true,"href":"https:\/\/www.masrojo.com.ar\/home\/wp-json\/wp\/v2\/tags?post=46432"}],"curies":[{"name":"wp","href":"https:\/\/api.w.org\/{rel}","templated":true}]}}