{"id":46441,"date":"2021-01-15T11:56:34","date_gmt":"2021-01-15T14:56:34","guid":{"rendered":"https:\/\/www.masrojo.com.ar\/home\/?p=46441"},"modified":"2021-01-15T12:07:33","modified_gmt":"2021-01-15T15:07:33","slug":"la-idea-es-mantener-la-figura-de-manager","status":"publish","type":"post","link":"https:\/\/www.masrojo.com.ar\/home\/2021\/01\/15\/la-idea-es-mantener-la-figura-de-manager\/","title":{"rendered":"\u00abLa idea es mantener la figura de m\u00e1nager\u00bb"},"content":{"rendered":"<p style=\"text-align: justify;\">Pablo Moyano habl\u00f3 en el programa Dale Rojo y habl\u00f3 de varios temas.<\/p>\n<p>&nbsp;<\/p>\n<p style=\"text-align: justify;\">En el comienzo apunto que <strong>\u00abCuando llegamos en 2014 el club estaba reci\u00e9n ascendido, y ninguno de estos personajes que ahora aparecen dando vuelta quer\u00edan asumir la responsabilidad de sacar a Independiente de la quiebra. Los jugadores no quer\u00edan venir porque no se les pagaba, predios abandonados, estadio a medio a construir y lleno de deudas. Tuvimos que pagar 5 t\u00e9cnicos en 2014, la deuda de Nu\u00f1ez de \u20ac 1.800.000 bajo pena de quita de puntos, lo de Far\u00edas, lo de Mareque, era un desastre Independiente.- De a poco fuimos encausando al club, que hoy es un lujo la cancha de Independiente, los predios, las inferiores. Por eso escuchar algunos candidatos que dicen que no hay proyecto deportivo o juveniles me asombro. Hay seis chicos de inferiores jugando en primera, mantuvimos 6 a\u00f1os a Ber\u00f3n como coordinador de juveniles, se han mejorado todas las canchas donde los chicos juegan, la pensi\u00f3n, cuando era desastroso. Se ganador dos torneos internacionales.- Hace 4 a\u00f1os donde el presidente y vicepresidente de Independiente iban a ir presos por una persecuci\u00f3n del gobierno anterior. \u00bfQue sponsor iba a venir a Independiente? Clar\u00edn, Ole, atacaban permanentemente al presidente y al vice, y muchos ex dirigentes que se han borrado y otros de la oposici\u00f3n han aprovechado eso. Independiente fue atacado pol\u00edticamente, judicialmente, y deportivamente con arbitrajes escandalosos.- Devaluaci\u00f3n, dolar alto, hubo contratos altos de jugadores que no han rendido, y estamos padeciendo el debacle econ\u00f3mico que hubo en el mundo. Pero bueno, tuvimos que soportar el embate de distintos medios partidarios, de Clar\u00edn, Ol\u00e9, La Naci\u00f3n, que estar permanentemente atacando a la CD y a Independiente. Hugo no va a quebrar al club, no lo va a fundir. Nos queda un a\u00f1o para tratar de pagar las deudas y saldar econ\u00f3micamente al club\u00bb.<\/strong><\/p>\n<p style=\"text-align: justify;\">Sobre los arbitrajes dijo que <strong>\u00abDos partidos atr\u00e1s, con Arsenal mismo, fuimos perjudicados. Pudo haber errores de t\u00e9cnicos (No de Lucas Pusineri, sino anteriores) en traer jugadores, pero uno de los clubes m\u00e1s perjudicados por los arbitrajes fue Independiente\u00bb.<\/strong><\/p>\n<p style=\"text-align: justify;\">Consultado sobre elm\u00b4nagaer y el entrenador que buscan dijo que <strong>\u00abEstamos tratando de cerrar en estos d\u00edas al t\u00e9cnico y al manager. Vamos a salir adelante, Independiente se ha repuesto de lo peor de su historia que fue el descenso\u00bb.<\/strong><\/p>\n<p style=\"text-align: justify;\">y sigui\u00f3 <strong>\u00abCuando asumimos se deb\u00eda 70 millones de d\u00f3lares, hoy tenemos un capital de jugadores impresionante pero como es Moyano e Independiente hay que pegarle de todos lados. Todos los que han hecho lo imposible para que al Rojo le fuera mal ahora se hacen los salvadores\u00bb. <\/strong><\/p>\n<p style=\"text-align: justify;\">Sobre el relamo del Am\u00e9rica por Romero dijo que <strong>\u00abEstamos hablando con la gente del Am\u00e9rica de M\u00e9xico para arreglar el pago, todav\u00eda tenemos dinero que cobrar de algunos jugadores y ofertas de venta\u00bb. <\/strong><\/p>\n<p style=\"text-align: justify;\">Adem\u00e1s dijo que \u00ab<strong>Falta bastante para las elecciones y hoy la prioridad es bajar las deudas y buscar un t\u00e9cnico. La idea es mantener la figura de m\u00e1nager y autom\u00e1ticamente que se pueda conseguir el Dt que sea del estilo del club Vamos a ver en los pr\u00f3ximos d\u00edas si podemos cerrar el m\u00e1nager, sino la prioridad va a ser la nueva secretaria t\u00e9cnica donde asumi\u00f3 Sergio Palazzo, quien va a dialogar con distintos candidatos. Nanni tiene mucha experiencia. igual vamos a juntarnos con otros candidatos y evaluaremos.\u00a0 El dt va a ser quien tenga el estilo nuestro que le guste el futbol de Independiente. Todos los t\u00e9cnicos que trajimos, por m\u00e1s que a veces no se dieron los resultados, el Rojo siempre jug\u00f3 copas. Ber\u00f3n es una persona que siempre puso la cara cuando se lo necesito, a \u00e9l le gusta ser coordinador de las inferiores y es un gran amigo.\u00bb<\/strong><\/p>\n<!--[if lt IE 9]><script>document.createElement('audio');<\/script><![endif]-->\n<audio class=\"wp-audio-shortcode\" id=\"audio-46441-1\" preload=\"none\" style=\"width: 100%;\" controls=\"controls\"><source type=\"audio\/mpeg\" src=\"https:\/\/www.masrojo.com.ar\/home\/wp-content\/uploads\/mix_18m40s-audio-joiner.com_.mp3?_=1\" \/><a href=\"https:\/\/www.masrojo.com.ar\/home\/wp-content\/uploads\/mix_18m40s-audio-joiner.com_.mp3\">https:\/\/www.masrojo.com.ar\/home\/wp-content\/uploads\/mix_18m40s-audio-joiner.com_.mp3<\/a><\/audio>\n","protected":false},"excerpt":{"rendered":"<div class=\"mh-excerpt\"><p>Pablo Moyano habl\u00f3 en el programa Dale Rojo y habl\u00f3 de varios temas. &nbsp; En el comienzo apunto que \u00abCuando llegamos en 2014 el club estaba reci\u00e9n ascendido, y ninguno de estos personajes que ahora <a class=\"mh-excerpt-more\" href=\"https:\/\/www.masrojo.com.ar\/home\/2021\/01\/15\/la-idea-es-mantener-la-figura-de-manager\/\" title=\"\u00abLa idea es mantener la figura de m\u00e1nager\u00bb\">[&#8230;]<\/a><\/p>\n<\/div>","protected":false},"author":6,"featured_media":14985,"comment_status":"closed","ping_status":"closed","sticky":false,"template":"","format":"audio","meta":{"_jetpack_memberships_contains_paid_content":false,"footnotes":"","jetpack_publicize_message":"","jetpack_publicize_feature_enabled":true,"jetpack_social_post_already_shared":true,"jetpack_social_options":{"image_generator_settings":{"template":"highway","enabled":false},"version":2}},"categories":[4],"tags":[],"class_list":{"0":"post-46441","1":"post","2":"type-post","3":"status-publish","4":"format-audio","5":"has-post-thumbnail","7":"category-actualidad","8":"post_format-post-format-audio"},"jetpack_publicize_connections":[],"jetpack_sharing_enabled":true,"jetpack_featured_media_url":"https:\/\/i0.wp.com\/www.masrojo.com.ar\/home\/wp-content\/uploads\/PM.jpg?fit=660%2C385&ssl=1","jetpack_shortlink":"https:\/\/wp.me\/p90W9F-c53","_links":{"self":[{"href":"https:\/\/www.masrojo.com.ar\/home\/wp-json\/wp\/v2\/posts\/46441"}],"collection":[{"href":"https:\/\/www.masrojo.com.ar\/home\/wp-json\/wp\/v2\/posts"}],"about":[{"href":"https:\/\/www.masrojo.com.ar\/home\/wp-json\/wp\/v2\/types\/post"}],"author":[{"embeddable":true,"href":"https:\/\/www.masrojo.com.ar\/home\/wp-json\/wp\/v2\/users\/6"}],"replies":[{"embeddable":true,"href":"https:\/\/www.masrojo.com.ar\/home\/wp-json\/wp\/v2\/comments?post=46441"}],"version-history":[{"count":3,"href":"https:\/\/www.masrojo.com.ar\/home\/wp-json\/wp\/v2\/posts\/46441\/revisions"}],"predecessor-version":[{"id":46450,"href":"https:\/\/www.masrojo.com.ar\/home\/wp-json\/wp\/v2\/posts\/46441\/revisions\/46450"}],"wp:featuredmedia":[{"embeddable":true,"href":"https:\/\/www.masrojo.com.ar\/home\/wp-json\/wp\/v2\/media\/14985"}],"wp:attachment":[{"href":"https:\/\/www.masrojo.com.ar\/home\/wp-json\/wp\/v2\/media?parent=46441"}],"wp:term":[{"taxonomy":"category","embeddable":true,"href":"https:\/\/www.masrojo.com.ar\/home\/wp-json\/wp\/v2\/categories?post=46441"},{"taxonomy":"post_tag","embeddable":true,"href":"https:\/\/www.masrojo.com.ar\/home\/wp-json\/wp\/v2\/tags?post=46441"}],"curies":[{"name":"wp","href":"https:\/\/api.w.org\/{rel}","templated":true}]}}