{"id":46451,"date":"2021-01-18T21:25:02","date_gmt":"2021-01-19T00:25:02","guid":{"rendered":"https:\/\/www.masrojo.com.ar\/home\/?p=46451"},"modified":"2021-01-18T21:25:02","modified_gmt":"2021-01-19T00:25:02","slug":"espero-que-se-acuerden-de-pusineri","status":"publish","type":"post","link":"https:\/\/www.masrojo.com.ar\/home\/2021\/01\/18\/espero-que-se-acuerden-de-pusineri\/","title":{"rendered":"\u00abEspero que se acuerden de Pusineri\u00bb"},"content":{"rendered":"<p style=\"text-align: justify;\">\u00abSiempre tuvimos una buena relaci\u00f3n con la dirigencia de Independiente. Por ah\u00ed nos doli\u00f3 que primero hayan dicho que \u00edbamos a continuar y despu\u00e9s, por dos o tres resultados, decidieron lo contrario\u00bb, expres\u00f3 el ayudante de campo de Lucas Pusineri en Ataque Futbolero.<\/p>\n<div class=\"iframely-embed medium-embedded-content\" style=\"text-align: justify;\" data-html=\"Jmx0O2RpdiBzdHlsZT0ibGVmdDogMDsgd2lkdGg6IDEwMCU7IGhlaWdodDogMDsgcG9zaXRpb246IHJlbGF0aXZlOyBwYWRkaW5nLWJvdHRvbTogNTYuMjUlOyImZ3Q7Jmx0O2lmcmFtZSBzcmM9Imh0dHBzOi8vd3d3LnlvdXR1YmUuY29tL2VtYmVkL013Y2YwczFicXQ4P3JlbD0wJmFtcDthbXA7ZW5hYmxlanNhcGk9MSZhbXA7YW1wO3BsYXlzaW5saW5lPTEiIHN0eWxlPSJib3JkZXI6IDA7IHRvcDogMDsgbGVmdDogMDsgd2lkdGg6IDEwMCU7IGhlaWdodDogMTAwJTsgcG9zaXRpb246IGFic29sdXRlOyIgYWxsb3dmdWxsc2NyZWVuIHNjcm9sbGluZz0ibm8iIGFsbG93PSJlbmNyeXB0ZWQtbWVkaWE7IGFjY2VsZXJvbWV0ZXI7IGNsaXBib2FyZC13cml0ZTsgZ3lyb3Njb3BlOyBwaWN0dXJlLWluLXBpY3R1cmUiJmd0OyZsdDsvaWZyYW1lJmd0OyZsdDsvZGl2Jmd0OyZsdDtkaXYgY2xhc3M9Im1lZGl1bS1pbnNlcnQtZW1iZWRzLW1ldGEiJmd0OyZsdDtzY3JpcHQgdHlwZT0idGV4dC9qc29uIiZndDt7ImF1dGhvcl91cmwiOiJodHRwczpcL1wvd3d3LnlvdXR1YmUuY29tXC9jaGFubmVsXC9VQ3lyUF9lbEFDX0UxM2w2UjdjSlczcnciLCJjYW5vbmljYWwiOiJodHRwczpcL1wvd3d3LnlvdXR1YmUuY29tXC93YXRjaD92PU13Y2YwczFicXQ4Iiwic2l0ZSI6IllvdVR1YmUiLCJtZWRpYSI6InBsYXllciIsInZpZXdzIjoiMCIsImRpc2xpa2VzIjoiMCIsImxpa2VzIjoiMCIsImR1cmF0aW9uIjoxNzUwLCJkZXNjcmlwdGlvbiI6IlwiU2llbXByZSB0dXZpbW9zIHVuYSBidWVuYSByZWxhY2lcdTAwZjNuIGNvbiBsYSBkaXJpZ2VuY2lhIGRlIEluZGVwZW5kaWVudGUuIFBvciBhaFx1MDBlZCBub3MgZG9saVx1MDBmMyBxdWUgcHJpbWVybyBoYXlhbiBkaWNobyBxdWUgXHUwMGVkYmFtb3MgYSBjb250aW51YXIgeSBkZXNwdVx1MDBlOXMsIHBvciBkb3MgbyB0cmVzIHJlc3VsdGFkb3MsIGRlY2lkaWVyb24gbG8gY29udHJhcmlvXCIsIGV4cHJlc1x1MDBmMyBxdWllbiBlbCBleGRlZmVuc29yIGVuIEF0YXF1ZSBGdXRib2xlcm8uIiwiYXV0aG9yIjoiQ2x1YiBPY3R1YnJlIDk0NyIsImRhdGUiOiIyMDIxLTAxLTE1VDE2OjQ4OjA5LjAwMFoiLCJ0aXRsZSI6Ik1hdFx1MDBlZGFzIFZpbGxhdmljZW5jaW8geSBsYSBzYWxpZGEgZGUgSW5kZXBlbmRpZW50ZSBkZWwgY3VlcnBvIHRcdTAwZTljbmljbyBkZSBMdWNhcyBQdXNpbmVyaSIsInVybCI6Imh0dHBzOlwvXC93d3cueW91dHViZS5jb21cL3dhdGNoP3Y9TXdjZjBzMWJxdDgifSZsdDsvc2NyaXB0Jmd0OyZsdDsvZGl2Jmd0Ow==\">\n<div class=\"iframely-embed\">Consultado por la no renovaci\u00f3n del cuerpo t\u00e9cnico, dijo: \u00abCreo que por los \u00faltimos resultados nos han descartado. En cuanto al juego hab\u00edamos tenido buenos partidos, con Lan\u00fas all\u00e1 no merecimos perder. Pero pagamos lo \u00faltimo\u00bb. Y agreg\u00f3: \u00abLa salida del club fue buena. Nunca hablar\u00eda mal de un club que nos dio la oportunidad. Lo que pedimos es que no vuelvan a repetir errores\u00bb.<\/div>\n<\/div>\n<p style=\"text-align: justify;\">Por \u00faltimo, sentenci\u00f3: \u00abCuando estos pibes la rompan, espero que en Independiente se acuerden de Lucas Pusineri. Hizo jugar a todos\u00bb<\/p>\n<!--[if lt IE 9]><script>document.createElement('audio');<\/script><![endif]-->\n<audio class=\"wp-audio-shortcode\" id=\"audio-46451-1\" preload=\"none\" style=\"width: 100%;\" controls=\"controls\"><source type=\"audio\/mpeg\" src=\"https:\/\/www.masrojo.com.ar\/home\/wp-content\/uploads\/NOTA-MATIAS-VILLAVICENCIO-GAMBETA-15-01-21.mp3?_=1\" \/><a href=\"https:\/\/www.masrojo.com.ar\/home\/wp-content\/uploads\/NOTA-MATIAS-VILLAVICENCIO-GAMBETA-15-01-21.mp3\">https:\/\/www.masrojo.com.ar\/home\/wp-content\/uploads\/NOTA-MATIAS-VILLAVICENCIO-GAMBETA-15-01-21.mp3<\/a><\/audio>\n<p>.<\/p>\n","protected":false},"excerpt":{"rendered":"<div class=\"mh-excerpt\"><p>\u00abSiempre tuvimos una buena relaci\u00f3n con la dirigencia de Independiente. Por ah\u00ed nos doli\u00f3 que primero hayan dicho que \u00edbamos a continuar y despu\u00e9s, por dos o tres resultados, decidieron lo contrario\u00bb, expres\u00f3 el ayudante <a class=\"mh-excerpt-more\" href=\"https:\/\/www.masrojo.com.ar\/home\/2021\/01\/18\/espero-que-se-acuerden-de-pusineri\/\" title=\"\u00abEspero que se acuerden de Pusineri\u00bb\">[&#8230;]<\/a><\/p>\n<\/div>","protected":false},"author":6,"featured_media":0,"comment_status":"closed","ping_status":"closed","sticky":false,"template":"","format":"audio","meta":{"_jetpack_memberships_contains_paid_content":false,"footnotes":"","jetpack_publicize_message":"","jetpack_publicize_feature_enabled":true,"jetpack_social_post_already_shared":true,"jetpack_social_options":{"image_generator_settings":{"template":"highway","enabled":false},"version":2}},"categories":[4],"tags":[],"class_list":{"0":"post-46451","1":"post","2":"type-post","3":"status-publish","4":"format-audio","6":"category-actualidad","7":"post_format-post-format-audio"},"jetpack_publicize_connections":[],"jetpack_sharing_enabled":true,"jetpack_featured_media_url":"","jetpack_shortlink":"https:\/\/wp.me\/p90W9F-c5d","_links":{"self":[{"href":"https:\/\/www.masrojo.com.ar\/home\/wp-json\/wp\/v2\/posts\/46451"}],"collection":[{"href":"https:\/\/www.masrojo.com.ar\/home\/wp-json\/wp\/v2\/posts"}],"about":[{"href":"https:\/\/www.masrojo.com.ar\/home\/wp-json\/wp\/v2\/types\/post"}],"author":[{"embeddable":true,"href":"https:\/\/www.masrojo.com.ar\/home\/wp-json\/wp\/v2\/users\/6"}],"replies":[{"embeddable":true,"href":"https:\/\/www.masrojo.com.ar\/home\/wp-json\/wp\/v2\/comments?post=46451"}],"version-history":[{"count":1,"href":"https:\/\/www.masrojo.com.ar\/home\/wp-json\/wp\/v2\/posts\/46451\/revisions"}],"predecessor-version":[{"id":46459,"href":"https:\/\/www.masrojo.com.ar\/home\/wp-json\/wp\/v2\/posts\/46451\/revisions\/46459"}],"wp:attachment":[{"href":"https:\/\/www.masrojo.com.ar\/home\/wp-json\/wp\/v2\/media?parent=46451"}],"wp:term":[{"taxonomy":"category","embeddable":true,"href":"https:\/\/www.masrojo.com.ar\/home\/wp-json\/wp\/v2\/categories?post=46451"},{"taxonomy":"post_tag","embeddable":true,"href":"https:\/\/www.masrojo.com.ar\/home\/wp-json\/wp\/v2\/tags?post=46451"}],"curies":[{"name":"wp","href":"https:\/\/api.w.org\/{rel}","templated":true}]}}