{"id":46460,"date":"2021-01-18T21:28:12","date_gmt":"2021-01-19T00:28:12","guid":{"rendered":"https:\/\/www.masrojo.com.ar\/home\/?p=46460"},"modified":"2021-01-18T21:28:12","modified_gmt":"2021-01-19T00:28:12","slug":"no-estuve-a-la-altura-de-independiente","status":"publish","type":"post","link":"https:\/\/www.masrojo.com.ar\/home\/2021\/01\/18\/no-estuve-a-la-altura-de-independiente\/","title":{"rendered":"\u00abNo estuve a la altura de Independiente\u00bb"},"content":{"rendered":"<p style=\"text-align: justify;\">El centrodelantero de Defensa y Justicia, Braian Romero afirm\u00f3 que en este equipo pudo sacar su \u00abmejor juego\u00bb al hacerlo junto \u00abcon gente de buen pie\u00bb, en referencia a su presente goleador, con 9 tantos conseguidos en la Copa Sudamericana y 4 en la competencia local, en 12 partidos disputados en total.<\/p>\n<p style=\"text-align: justify;\">\u00abMe viene bien jugar m\u00e1s por adentro como lo hago en Defensa y Justicia, con gente de buen pie, eso me facilita m\u00e1s las cosas. As\u00ed pude sacar mi mejor juego\u00bb, refiri\u00f3 Romero en di\u00e1logo con Radio La Red.<\/p>\n<p style=\"text-align: justify;\">Entre otras consideraciones, Romero prosigui\u00f3 con evaluaciones sobre su desempe\u00f1o en Independiente -due\u00f1o de su pase-, despu\u00e9s de haber tenido pasos destacados por Col\u00f3n, de Santa Fe; Argentinos Juniors; y Atl\u00e9tico Paranaense, de Brasil. A este \u00faltimo tambi\u00e9n fue cedido a pr\u00e9stamo por el club de Avellaneda.<\/p>\n<p style=\"text-align: justify;\">\u00abParticularmente en Independiente me cost\u00f3 jugar porque llegu\u00e9 despu\u00e9s de que saliera campe\u00f3n (de la Copa Sudamericana 2017) y hab\u00eda muchos jugadores. Por eso decid\u00ed salir a Brasil. Despu\u00e9s cuando volv\u00ed hice mi autocr\u00edtica; no rend\u00ed y no estuve a la altura del club\u00bb, reconoci\u00f3 el delantero.<\/p>\n<p style=\"text-align: justify;\">\u00abNo siento el peso de las camisetas, pero s\u00ed es cierto que en Independiente sal\u00eda a jugar con la presi\u00f3n de tener que hacer goles y ser figura en todos los partidos para no perder el puesto\u00bb, agreg\u00f3.<\/p>\n<p style=\"text-align: justify;\">Por \u00faltimo, el atacante sostuvo: \u00abEn Independiente me trataron bien, nunca hablar\u00eda mal del club\u00bb, reafirm\u00f3.<\/p>\n<p style=\"text-align: justify;\">El goleador est\u00e1 a pr\u00e9stamo en Defensa y Justicia hasta el 31 de diciembre venidero, con dos opciones: 1.000.000 de d\u00f3lares por el 50 por ciento de la ficha y de 2.000.000 por el total. A la vez que Argentinos Juniors cuenta con el 20 por ciento del pase por cada una de las opciones..<\/p>\n","protected":false},"excerpt":{"rendered":"<div class=\"mh-excerpt\"><p>El centrodelantero de Defensa y Justicia, Braian Romero afirm\u00f3 que en este equipo pudo sacar su \u00abmejor juego\u00bb al hacerlo junto \u00abcon gente de buen pie\u00bb, en referencia a su presente goleador, con 9 tantos <a class=\"mh-excerpt-more\" href=\"https:\/\/www.masrojo.com.ar\/home\/2021\/01\/18\/no-estuve-a-la-altura-de-independiente\/\" title=\"\u00abNo estuve a la altura de Independiente\u00bb\">[&#8230;]<\/a><\/p>\n<\/div>","protected":false},"author":6,"featured_media":0,"comment_status":"closed","ping_status":"closed","sticky":false,"template":"","format":"image","meta":{"_jetpack_memberships_contains_paid_content":false,"footnotes":"","jetpack_publicize_message":"","jetpack_publicize_feature_enabled":true,"jetpack_social_post_already_shared":true,"jetpack_social_options":{"image_generator_settings":{"template":"highway","enabled":false},"version":2}},"categories":[1],"tags":[],"class_list":{"0":"post-46460","1":"post","2":"type-post","3":"status-publish","4":"format-image","6":"category-sin-categoria","7":"post_format-post-format-image"},"jetpack_publicize_connections":[],"jetpack_sharing_enabled":true,"jetpack_featured_media_url":"","jetpack_shortlink":"https:\/\/wp.me\/p90W9F-c5m","_links":{"self":[{"href":"https:\/\/www.masrojo.com.ar\/home\/wp-json\/wp\/v2\/posts\/46460"}],"collection":[{"href":"https:\/\/www.masrojo.com.ar\/home\/wp-json\/wp\/v2\/posts"}],"about":[{"href":"https:\/\/www.masrojo.com.ar\/home\/wp-json\/wp\/v2\/types\/post"}],"author":[{"embeddable":true,"href":"https:\/\/www.masrojo.com.ar\/home\/wp-json\/wp\/v2\/users\/6"}],"replies":[{"embeddable":true,"href":"https:\/\/www.masrojo.com.ar\/home\/wp-json\/wp\/v2\/comments?post=46460"}],"version-history":[{"count":1,"href":"https:\/\/www.masrojo.com.ar\/home\/wp-json\/wp\/v2\/posts\/46460\/revisions"}],"predecessor-version":[{"id":46467,"href":"https:\/\/www.masrojo.com.ar\/home\/wp-json\/wp\/v2\/posts\/46460\/revisions\/46467"}],"wp:attachment":[{"href":"https:\/\/www.masrojo.com.ar\/home\/wp-json\/wp\/v2\/media?parent=46460"}],"wp:term":[{"taxonomy":"category","embeddable":true,"href":"https:\/\/www.masrojo.com.ar\/home\/wp-json\/wp\/v2\/categories?post=46460"},{"taxonomy":"post_tag","embeddable":true,"href":"https:\/\/www.masrojo.com.ar\/home\/wp-json\/wp\/v2\/tags?post=46460"}],"curies":[{"name":"wp","href":"https:\/\/api.w.org\/{rel}","templated":true}]}}