{"id":46491,"date":"2021-01-18T21:46:59","date_gmt":"2021-01-19T00:46:59","guid":{"rendered":"https:\/\/www.masrojo.com.ar\/home\/?p=46491"},"modified":"2021-01-18T21:46:59","modified_gmt":"2021-01-19T00:46:59","slug":"me-gusta-mucho-crespo-con-kohan","status":"publish","type":"post","link":"https:\/\/www.masrojo.com.ar\/home\/2021\/01\/18\/me-gusta-mucho-crespo-con-kohan\/","title":{"rendered":"\u00abMe gusta mucho Crespo con Kohan\u00bb"},"content":{"rendered":"<p style=\"text-align: justify;\"><span style=\"font-family: arial, helvetica, sans-serif;\"><code>En d\u00ed\u00e1logo con el programa colega La Visera, Ricardo Bochini afirm\u00f3 que le gusta la dupla que posiblemente sea para \u00e9ste 2021.<\/code><\/span><\/p>\n<div>\n<div class=\"css-1dbjc4n r-j7yic r-qklmqi r-1adg3ll r-1ny4l3l\">\n<div class=\"css-1dbjc4n\">\n<article class=\"css-1dbjc4n r-1panhkp r-1loqt21 r-18u37iz r-1ny4l3l r-1udh08x r-1yt7n81 r-ry3cjt r-o7ynqc r-6416eg\" tabindex=\"0\" role=\"article\" data-focusable=\"true\" aria-labelledby=\"tweet-promoted-label conversation-level-label tweet-social-context tweet-user-name tweet-user-screen-name tweet-timestamp tweet-reply-context tweet-text tweet-rich-content-label conversation-control-label tweet-action-buttons\">\n<div class=\"css-1dbjc4n r-eqz5dr r-16y2uox r-1wbh5a2\">\n<div class=\"css-1dbjc4n r-16y2uox r-1wbh5a2 r-1ny4l3l\">\n<div class=\"css-1dbjc4n\">\n<div class=\"css-1dbjc4n r-18u37iz\" data-testid=\"tweet\">\n<div class=\"css-1dbjc4n r-1iusvr4 r-16y2uox r-1777fci r-1mi0q7o\">\n<div class=\"css-1dbjc4n\">\n<div class=\"css-1dbjc4n\">\n<div id=\"tweet-text\" class=\"css-901oao r-18jsvk2 r-1qd0xha r-a023e6 r-16dba41 r-ad9z0x r-bcqeeo r-bnwqim r-qvutc0\" dir=\"auto\" lang=\"es\" style=\"text-align: justify;\"><span style=\"font-family: arial, helvetica, sans-serif;\"><code><span class=\"css-901oao css-16my406 r-poiln3 r-bcqeeo r-qvutc0\">\"Me gusta mucho Crespo con Kohan. <\/span><span class=\"r-18u37iz\">Independiente<\/span><span class=\"css-901oao css-16my406 r-poiln3 r-bcqeeo r-qvutc0\"> tiene que apuntar todo ah\u00ed. El profe es de los mejores en Argentina. Crespo es un t\u00e9cnico que tiene mentalidad ganadora, que juega de igual a igual y siendo ofensivo\", afirm\u00f3 el Bocha.<\/span><\/code><\/span><\/div>\n<p style=\"text-align: justify;\"><span style=\"font-family: arial, helvetica, sans-serif;\"><code>\"Si hac\u00eda un poco mejor las cosas, podr\u00eda haber llegado a la final de la Copa Maradona. Ac\u00e1 en el f\u00fatbol argentino no hay grandes equipos, armas un equipo maso menos y ya peleas el torneo\". Creo que Pusineri perdi\u00f3 la posibilidad de clasificar a la Libertadores porque Boca y River estaban jugando copa y despu\u00e9s no hab\u00eda grandes equipos\", dijo el Bocha.<\/code><\/span><\/p>\n<p style=\"text-align: justify;\"><span style=\"font-family: arial, helvetica, sans-serif;\"><code>Y agreg\u00f3 que \"Independiente no ten\u00eda delanteros y dej\u00f3 ir a Albertengo y a Romero que no para de hacer goles en Defensa. Se desarm\u00f3 mucho el plantel\".<\/code><\/span><\/p>\n<p style=\"text-align: justify;\"><span style=\"font-family: arial, helvetica, sans-serif;\"><code>Tambi\u00e9n habl\u00f3 de Velasco: \"Velasco tiene que jugar por adentro, atr\u00e1s del delantero. Por afuera es complicado meter goles, en cambio por adentro si te queda una podes patear m\u00e1s seguido. No se si es armador de juego, pero por adentro puede gambetear y llegar al gol m\u00e1s seguido. Velasco es de los mejores jugadores del f\u00fatbol argentino. No hay mucho que gambetee y juegue\".<\/code><\/span><\/p>\n<\/div>\n<\/div>\n<\/div>\n<\/div>\n<\/div>\n<\/div>\n<\/div>\n<\/article>\n<\/div>\n<\/div>\n<\/div>\n","protected":false},"excerpt":{"rendered":"<div class=\"mh-excerpt\"><p>En d\u00ed\u00e1logo con el programa colega La Visera, Ricardo Bochini afirm\u00f3 que le gusta la dupla que posiblemente sea para \u00e9ste 2021. \u00abMe gusta mucho Crespo con Kohan. Independiente tiene que apuntar todo ah\u00ed. El <a class=\"mh-excerpt-more\" href=\"https:\/\/www.masrojo.com.ar\/home\/2021\/01\/18\/me-gusta-mucho-crespo-con-kohan\/\" title=\"\u00abMe gusta mucho Crespo con Kohan\u00bb\">[&#8230;]<\/a><\/p>\n<\/div>","protected":false},"author":6,"featured_media":0,"comment_status":"closed","ping_status":"closed","sticky":false,"template":"","format":"image","meta":{"_jetpack_memberships_contains_paid_content":false,"footnotes":"","jetpack_publicize_message":"","jetpack_publicize_feature_enabled":true,"jetpack_social_post_already_shared":true,"jetpack_social_options":{"image_generator_settings":{"template":"highway","enabled":false},"version":2}},"categories":[4],"tags":[],"class_list":{"0":"post-46491","1":"post","2":"type-post","3":"status-publish","4":"format-image","6":"category-actualidad","7":"post_format-post-format-image"},"jetpack_publicize_connections":[],"jetpack_sharing_enabled":true,"jetpack_featured_media_url":"","jetpack_shortlink":"https:\/\/wp.me\/p90W9F-c5R","_links":{"self":[{"href":"https:\/\/www.masrojo.com.ar\/home\/wp-json\/wp\/v2\/posts\/46491"}],"collection":[{"href":"https:\/\/www.masrojo.com.ar\/home\/wp-json\/wp\/v2\/posts"}],"about":[{"href":"https:\/\/www.masrojo.com.ar\/home\/wp-json\/wp\/v2\/types\/post"}],"author":[{"embeddable":true,"href":"https:\/\/www.masrojo.com.ar\/home\/wp-json\/wp\/v2\/users\/6"}],"replies":[{"embeddable":true,"href":"https:\/\/www.masrojo.com.ar\/home\/wp-json\/wp\/v2\/comments?post=46491"}],"version-history":[{"count":1,"href":"https:\/\/www.masrojo.com.ar\/home\/wp-json\/wp\/v2\/posts\/46491\/revisions"}],"predecessor-version":[{"id":46498,"href":"https:\/\/www.masrojo.com.ar\/home\/wp-json\/wp\/v2\/posts\/46491\/revisions\/46498"}],"wp:attachment":[{"href":"https:\/\/www.masrojo.com.ar\/home\/wp-json\/wp\/v2\/media?parent=46491"}],"wp:term":[{"taxonomy":"category","embeddable":true,"href":"https:\/\/www.masrojo.com.ar\/home\/wp-json\/wp\/v2\/categories?post=46491"},{"taxonomy":"post_tag","embeddable":true,"href":"https:\/\/www.masrojo.com.ar\/home\/wp-json\/wp\/v2\/tags?post=46491"}],"curies":[{"name":"wp","href":"https:\/\/api.w.org\/{rel}","templated":true}]}}