{"id":46499,"date":"2021-01-19T20:15:58","date_gmt":"2021-01-19T23:15:58","guid":{"rendered":"https:\/\/www.masrojo.com.ar\/home\/?p=46499"},"modified":"2021-01-19T20:15:58","modified_gmt":"2021-01-19T23:15:58","slug":"los-tiempos-de-crespo-no-son-los-del-rojo","status":"publish","type":"post","link":"https:\/\/www.masrojo.com.ar\/home\/2021\/01\/19\/los-tiempos-de-crespo-no-son-los-del-rojo\/","title":{"rendered":"LOS TIEMPOS DE CRESPO NO SON LOS DEL ROJO"},"content":{"rendered":"<p style=\"text-align: justify;\">Pese a ser el candidato m\u00e1s mencionado, la posibilidad de que Hern\u00e1n Crespo sea el entrenador no coinciden con los tiempos de Independiente<\/p>\n<div class=\"articleTop\">\n<p class=\"bajada\" style=\"text-align: justify;\">Los dirigentes\u00a0 tienen un plan alternativo y necesitaban que el t\u00e9cnico de Defensa y Justicia confirme la negociaci\u00f3n, de manera privada, antes de disputar la final de la Copa Sudamericana ante Lan\u00fas. Pero eso no ocurri\u00f3 y el Rojo ya tiene otro candidato.<\/p>\n<p style=\"text-align: justify;\"><b>Hern\u00e1n Crespo<\/b>, quien\u00a0<b>se mostr\u00f3 predispuesto con dar el salto, a trav\u00e9s de su representante<\/b>, en la previa de la final de la Copa Sudamericana 2020 entre\u00a0<b>Defensa y Justicia<\/b> y Lan\u00fas. Pero el mismo representante no afirm\u00f3 que deb\u00edan esperar a que todo suceda en la final y despu\u00e9s dar el paso.<\/p>\n<p style=\"text-align: justify;\">En Independiente eso no convenci\u00f3 y empezar a buscar variantes. Julio Falcioni aparece como el principal candidato<\/p>\n<\/div>\n<div class=\"articleMedia\">\n<div class=\"image\"><picture><source srcset=\"https:\/\/media.tycsports.com\/files\/2021\/01\/19\/171932\/hernan-crespo_416x234.jpg?v=2\" media=\"(max-width: 480px) \" data-srcset=\"https:\/\/media.tycsports.com\/files\/2021\/01\/19\/171932\/hernan-crespo_416x234.jpg?v=2\" \/><\/picture><\/div>\n<\/div>\n","protected":false},"excerpt":{"rendered":"<div class=\"mh-excerpt\"><p>Pese a ser el candidato m\u00e1s mencionado, la posibilidad de que Hern\u00e1n Crespo sea el entrenador no coinciden con los tiempos de Independiente Los dirigentes\u00a0 tienen un plan alternativo y necesitaban que el t\u00e9cnico de <a class=\"mh-excerpt-more\" href=\"https:\/\/www.masrojo.com.ar\/home\/2021\/01\/19\/los-tiempos-de-crespo-no-son-los-del-rojo\/\" title=\"LOS TIEMPOS DE CRESPO NO SON LOS DEL ROJO\">[&#8230;]<\/a><\/p>\n<\/div>","protected":false},"author":6,"featured_media":0,"comment_status":"closed","ping_status":"closed","sticky":false,"template":"","format":"image","meta":{"_jetpack_memberships_contains_paid_content":false,"footnotes":"","jetpack_publicize_message":"","jetpack_publicize_feature_enabled":true,"jetpack_social_post_already_shared":true,"jetpack_social_options":{"image_generator_settings":{"template":"highway","enabled":false},"version":2}},"categories":[4],"tags":[],"class_list":{"0":"post-46499","1":"post","2":"type-post","3":"status-publish","4":"format-image","6":"category-actualidad","7":"post_format-post-format-image"},"jetpack_publicize_connections":[],"jetpack_sharing_enabled":true,"jetpack_featured_media_url":"","jetpack_shortlink":"https:\/\/wp.me\/p90W9F-c5Z","_links":{"self":[{"href":"https:\/\/www.masrojo.com.ar\/home\/wp-json\/wp\/v2\/posts\/46499"}],"collection":[{"href":"https:\/\/www.masrojo.com.ar\/home\/wp-json\/wp\/v2\/posts"}],"about":[{"href":"https:\/\/www.masrojo.com.ar\/home\/wp-json\/wp\/v2\/types\/post"}],"author":[{"embeddable":true,"href":"https:\/\/www.masrojo.com.ar\/home\/wp-json\/wp\/v2\/users\/6"}],"replies":[{"embeddable":true,"href":"https:\/\/www.masrojo.com.ar\/home\/wp-json\/wp\/v2\/comments?post=46499"}],"version-history":[{"count":1,"href":"https:\/\/www.masrojo.com.ar\/home\/wp-json\/wp\/v2\/posts\/46499\/revisions"}],"predecessor-version":[{"id":46505,"href":"https:\/\/www.masrojo.com.ar\/home\/wp-json\/wp\/v2\/posts\/46499\/revisions\/46505"}],"wp:attachment":[{"href":"https:\/\/www.masrojo.com.ar\/home\/wp-json\/wp\/v2\/media?parent=46499"}],"wp:term":[{"taxonomy":"category","embeddable":true,"href":"https:\/\/www.masrojo.com.ar\/home\/wp-json\/wp\/v2\/categories?post=46499"},{"taxonomy":"post_tag","embeddable":true,"href":"https:\/\/www.masrojo.com.ar\/home\/wp-json\/wp\/v2\/tags?post=46499"}],"curies":[{"name":"wp","href":"https:\/\/api.w.org\/{rel}","templated":true}]}}