{"id":46506,"date":"2021-01-19T20:23:14","date_gmt":"2021-01-19T23:23:14","guid":{"rendered":"https:\/\/www.masrojo.com.ar\/home\/?p=46506"},"modified":"2021-01-19T20:23:14","modified_gmt":"2021-01-19T23:23:14","slug":"julio-cesar-rumbo-a-avellaneda","status":"publish","type":"post","link":"https:\/\/www.masrojo.com.ar\/home\/2021\/01\/19\/julio-cesar-rumbo-a-avellaneda\/","title":{"rendered":"JULIO C\u00c9SAR RUMBO A AVELLANEDA"},"content":{"rendered":"<p class=\"copete\" style=\"text-align: justify;\">Cuando todo indicaba que iba a asumir como manager en Banfield, el Emperador regresa al Rojo luego de quince a\u00f1os, tras su paso en 2005 y 2006.<\/p>\n<div class=\"slider\">\n<p style=\"text-align: justify;\">Julio Falcioni dirigir\u00e1 su segundo ciclo en Independiente.<\/p>\n<p style=\"text-align: justify;\"><strong>Sorpresa en Independiente<\/strong><\/p>\n<p style=\"text-align: justify;\">Tras la salida de\u00a0Lucas Pusineri, y ante la demora en la decisi\u00f3n de\u00a0Hern\u00e1n Crespo\u00a0para asumir en Independiente, la dirigencia roja abroch\u00f3 el arribo de\u00a0<strong>Julio Falcioni\u00a0como DT del primer equipo.<\/strong>\u00a0La noticia se confirm\u00f3 este martes cuando hubo una reuni\u00f3n entre el t\u00e9cnico, su representante y la directiva del Rojo.<\/p>\n<p style=\"text-align: justify;\">Fue sorpresiva esta variante para dirigir al equipo porque era casi un hecho la incorporaci\u00f3n de Crespo, que llev\u00f3 a Defensa y Justicia a la final de la Copa Sudamericana, cuyo partido ante Lan\u00fas se jugar\u00e1 este s\u00e1bado en el Estadio Mario Alberto Kempes.<\/p>\n<p style=\"text-align: justify;\"><strong>As\u00ed las cosas, Falcioni tendr\u00e1\u00a0su segundo ciclo en el Rojo de Avellaneda tras su paso en 2005 y 2006<\/strong>. Llegar\u00e1 acompa\u00f1ado de\u00a0Omar P\u00edccoli\u00a0como asistente t\u00e9cnico y Gustavo Otero como preparador f\u00edsico. Tambi\u00e9n se suma\u00a0C\u00e9sar V\u00e9lazquez\u00a0como entrenador de arqueros, quien ya estaba en el club y form\u00f3 parte del cuerpo t\u00e9cnico de Falcioni en uno de sus pasos por Banfield.<\/p>\n<p style=\"text-align: justify;\">Falcioni\u00a0ya hab\u00eda dado el visto bueno para ser m\u00e1nager de Banfield, sin embargo,\u00a0tras un buen di\u00e1logo con la dirigencia del Taladro y la buena relaci\u00f3n existente, comprendieron la situaci\u00f3n y liberaron al DT\u00a0para que asuma en el banco del Libertadores de Am\u00e9rica, quien\u00a0ser\u00e1 oficializado el pr\u00f3ximo jueves.<\/p>\n<\/div>\n","protected":false},"excerpt":{"rendered":"<div class=\"mh-excerpt\"><p>Cuando todo indicaba que iba a asumir como manager en Banfield, el Emperador regresa al Rojo luego de quince a\u00f1os, tras su paso en 2005 y 2006. Julio Falcioni dirigir\u00e1 su segundo ciclo en Independiente. <a class=\"mh-excerpt-more\" href=\"https:\/\/www.masrojo.com.ar\/home\/2021\/01\/19\/julio-cesar-rumbo-a-avellaneda\/\" title=\"JULIO C\u00c9SAR RUMBO A AVELLANEDA\">[&#8230;]<\/a><\/p>\n<\/div>","protected":false},"author":6,"featured_media":0,"comment_status":"closed","ping_status":"closed","sticky":false,"template":"","format":"image","meta":{"_jetpack_memberships_contains_paid_content":false,"footnotes":"","jetpack_publicize_message":"","jetpack_publicize_feature_enabled":true,"jetpack_social_post_already_shared":true,"jetpack_social_options":{"image_generator_settings":{"template":"highway","enabled":false},"version":2}},"categories":[4],"tags":[],"class_list":{"0":"post-46506","1":"post","2":"type-post","3":"status-publish","4":"format-image","6":"category-actualidad","7":"post_format-post-format-image"},"jetpack_publicize_connections":[],"jetpack_sharing_enabled":true,"jetpack_featured_media_url":"","jetpack_shortlink":"https:\/\/wp.me\/p90W9F-c66","_links":{"self":[{"href":"https:\/\/www.masrojo.com.ar\/home\/wp-json\/wp\/v2\/posts\/46506"}],"collection":[{"href":"https:\/\/www.masrojo.com.ar\/home\/wp-json\/wp\/v2\/posts"}],"about":[{"href":"https:\/\/www.masrojo.com.ar\/home\/wp-json\/wp\/v2\/types\/post"}],"author":[{"embeddable":true,"href":"https:\/\/www.masrojo.com.ar\/home\/wp-json\/wp\/v2\/users\/6"}],"replies":[{"embeddable":true,"href":"https:\/\/www.masrojo.com.ar\/home\/wp-json\/wp\/v2\/comments?post=46506"}],"version-history":[{"count":1,"href":"https:\/\/www.masrojo.com.ar\/home\/wp-json\/wp\/v2\/posts\/46506\/revisions"}],"predecessor-version":[{"id":46513,"href":"https:\/\/www.masrojo.com.ar\/home\/wp-json\/wp\/v2\/posts\/46506\/revisions\/46513"}],"wp:attachment":[{"href":"https:\/\/www.masrojo.com.ar\/home\/wp-json\/wp\/v2\/media?parent=46506"}],"wp:term":[{"taxonomy":"category","embeddable":true,"href":"https:\/\/www.masrojo.com.ar\/home\/wp-json\/wp\/v2\/categories?post=46506"},{"taxonomy":"post_tag","embeddable":true,"href":"https:\/\/www.masrojo.com.ar\/home\/wp-json\/wp\/v2\/tags?post=46506"}],"curies":[{"name":"wp","href":"https:\/\/api.w.org\/{rel}","templated":true}]}}