{"id":46522,"date":"2021-01-19T20:35:20","date_gmt":"2021-01-19T23:35:20","guid":{"rendered":"https:\/\/www.masrojo.com.ar\/home\/?p=46522"},"modified":"2021-01-19T20:35:20","modified_gmt":"2021-01-19T23:35:20","slug":"monzon-el-ayudante","status":"publish","type":"post","link":"https:\/\/www.masrojo.com.ar\/home\/2021\/01\/19\/monzon-el-ayudante\/","title":{"rendered":"MONZ\u00d3N, EL AYUDANTE"},"content":{"rendered":"<p><span class=\"css-901oao css-16my406 r-poiln3 r-bcqeeo r-qvutc0\">A ra\u00edz de la indecisi\u00f3n de Hernan Crespo, los dirigentes de <\/span><span class=\"r-18u37iz\">#Independiente<\/span><span class=\"css-901oao css-16my406 r-poiln3 r-bcqeeo r-qvutc0\"> se pusieron en contacto con Julio Cesar Falcioni quien sera el pr\u00f3ximo entrenador. Llega acompa\u00f1ado con sus habituales ayudantes y se sumar\u00eda Pedro Damian <\/span><span class=\"css-901oao css-16my406 r-poiln3 r-b88u0q r-bcqeeo r-qvutc0\">Monz\u00f3n.<\/span><\/p>\n<p><span class=\"css-901oao css-16my406 r-poiln3 r-bcqeeo r-qvutc0\">A Falcioni lo acompa\u00f1ar\u00e1 su elenco estable: Omar P\u00edccoli (AC) Gustavo Otero (PF) C\u00e9sar Vel\u00e1zquez (EA) m\u00e1s Moncho <\/span><span class=\"css-901oao css-16my406 r-poiln3 r-b88u0q r-bcqeeo r-qvutc0\">Monzon<\/span><span class=\"css-901oao css-16my406 r-poiln3 r-bcqeeo r-qvutc0\">, si arregla su parte. Y <\/span>habr\u00e1 dos preparados f\u00edsicos m\u00e1s. El Contrato ser\u00e1 hasta diciembre.<\/p>\n<p><span class=\"css-901oao css-16my406 r-poiln3 r-bcqeeo r-qvutc0\">Pedro Dami\u00e1n Monz\u00f3n dej\u00f3 el cargo de director t\u00e9cnico en <\/span><span class=\"r-18u37iz\">Argentino De Quilmes<\/span><span class=\"css-901oao css-16my406 r-poiln3 r-bcqeeo r-qvutc0\">, tras llevar al Mate a la Primera B en 2019, decidi\u00f3 dar un paso al costado. Los n\u00fameros del Moncho:<\/span><\/p>\n<p>107<br \/>\nGanados 53<br \/>\nPerdidos 26<br \/>\nEmpatados 28<\/p>\n<p>Logr\u00f3 185 puntos de 321, una efectividad del 57,63%.<\/p>\n","protected":false},"excerpt":{"rendered":"<div class=\"mh-excerpt\"><p>A ra\u00edz de la indecisi\u00f3n de Hernan Crespo, los dirigentes de #Independiente se pusieron en contacto con Julio Cesar Falcioni quien sera el pr\u00f3ximo entrenador. Llega acompa\u00f1ado con sus habituales ayudantes y se sumar\u00eda Pedro <a class=\"mh-excerpt-more\" href=\"https:\/\/www.masrojo.com.ar\/home\/2021\/01\/19\/monzon-el-ayudante\/\" title=\"MONZ\u00d3N, EL AYUDANTE\">[&#8230;]<\/a><\/p>\n<\/div>","protected":false},"author":6,"featured_media":0,"comment_status":"closed","ping_status":"closed","sticky":false,"template":"","format":"image","meta":{"_jetpack_memberships_contains_paid_content":false,"footnotes":"","jetpack_publicize_message":"","jetpack_publicize_feature_enabled":true,"jetpack_social_post_already_shared":true,"jetpack_social_options":{"image_generator_settings":{"template":"highway","enabled":false},"version":2}},"categories":[4],"tags":[],"class_list":{"0":"post-46522","1":"post","2":"type-post","3":"status-publish","4":"format-image","6":"category-actualidad","7":"post_format-post-format-image"},"jetpack_publicize_connections":[],"jetpack_sharing_enabled":true,"jetpack_featured_media_url":"","jetpack_shortlink":"https:\/\/wp.me\/p90W9F-c6m","_links":{"self":[{"href":"https:\/\/www.masrojo.com.ar\/home\/wp-json\/wp\/v2\/posts\/46522"}],"collection":[{"href":"https:\/\/www.masrojo.com.ar\/home\/wp-json\/wp\/v2\/posts"}],"about":[{"href":"https:\/\/www.masrojo.com.ar\/home\/wp-json\/wp\/v2\/types\/post"}],"author":[{"embeddable":true,"href":"https:\/\/www.masrojo.com.ar\/home\/wp-json\/wp\/v2\/users\/6"}],"replies":[{"embeddable":true,"href":"https:\/\/www.masrojo.com.ar\/home\/wp-json\/wp\/v2\/comments?post=46522"}],"version-history":[{"count":1,"href":"https:\/\/www.masrojo.com.ar\/home\/wp-json\/wp\/v2\/posts\/46522\/revisions"}],"predecessor-version":[{"id":46529,"href":"https:\/\/www.masrojo.com.ar\/home\/wp-json\/wp\/v2\/posts\/46522\/revisions\/46529"}],"wp:attachment":[{"href":"https:\/\/www.masrojo.com.ar\/home\/wp-json\/wp\/v2\/media?parent=46522"}],"wp:term":[{"taxonomy":"category","embeddable":true,"href":"https:\/\/www.masrojo.com.ar\/home\/wp-json\/wp\/v2\/categories?post=46522"},{"taxonomy":"post_tag","embeddable":true,"href":"https:\/\/www.masrojo.com.ar\/home\/wp-json\/wp\/v2\/tags?post=46522"}],"curies":[{"name":"wp","href":"https:\/\/api.w.org\/{rel}","templated":true}]}}