{"id":46530,"date":"2021-01-20T21:20:09","date_gmt":"2021-01-21T00:20:09","guid":{"rendered":"https:\/\/www.masrojo.com.ar\/home\/?p=46530"},"modified":"2021-01-20T21:20:09","modified_gmt":"2021-01-21T00:20:09","slug":"interes-por-barboza-2","status":"publish","type":"post","link":"https:\/\/www.masrojo.com.ar\/home\/2021\/01\/20\/interes-por-barboza-2\/","title":{"rendered":"INTER\u00c9S POR BARBOZA"},"content":{"rendered":"<p style=\"text-align: justify;\">Rub\u00e9n Di Tore, presidente de Libertad, reconoci\u00f3 el inter\u00e9s por el central Alexander Barboza, de Independiente de Avellaneda, aunque la negociaci\u00f3n se torna complicada por la intromisi\u00f3n de los intermediarios.<\/p>\n<p style=\"text-align: justify;\">El ejecutivo de la entidad de Tuyucu\u00e1 habl\u00f3 este mi\u00e9rcoles con F\u00fatbol a lo Grande por radio Monumental 1080 AM en donde confirm\u00f3 el inter\u00e9s por Alexander Barboza, quien en caso de concretarse ser\u00eda el \u00faltimo refuerzo para el 2021.<\/p>\n<p style=\"text-align: justify;\">\u201cHicimos un sondeo, porque (Daniel) Garnero lo conoce, pero los clubes argentinos son muy problem\u00e1ticos. Se mete todo el mundo, tambi\u00e9n est\u00e1n los intermediarios y todos quieren ganar plata\u201d, dijo al respecto.<\/p>\n<p style=\"text-align: justify;\">Adem\u00e1s previamente hubo un sondeo desde el Ju\u00e1rez FC de M\u00e9xico, que estaba dispuesto a abonar 1,5 millones de d\u00f3lares por el 70% de su pase.<\/p>\n<p style=\"text-align: justify;\">En aquel momento, la dirigencia pretendi\u00f3 un m\u00ednimo 1,7 millones de la divisa extranjera para vender el 50% del futbolista, y luego completar el otro 50% para llegar a una cifra similar por la que fue fichado a mediados de 2019.<\/p>\n<p style=\"text-align: justify;\">Pese a \u00e9stas ofertas, Alexander Barboza espera la respuesta de dos clubes europeos (Turqu\u00eda y Suiza) que pedir\u00edan pr\u00e9stamo por 1 a\u00f1o con obligaci\u00f3n de compra. A esperar el cierre del libro en Europa.<\/p>\n","protected":false},"excerpt":{"rendered":"<div class=\"mh-excerpt\"><p>Rub\u00e9n Di Tore, presidente de Libertad, reconoci\u00f3 el inter\u00e9s por el central Alexander Barboza, de Independiente de Avellaneda, aunque la negociaci\u00f3n se torna complicada por la intromisi\u00f3n de los intermediarios. El ejecutivo de la entidad <a class=\"mh-excerpt-more\" href=\"https:\/\/www.masrojo.com.ar\/home\/2021\/01\/20\/interes-por-barboza-2\/\" title=\"INTER\u00c9S POR BARBOZA\">[&#8230;]<\/a><\/p>\n<\/div>","protected":false},"author":6,"featured_media":0,"comment_status":"closed","ping_status":"closed","sticky":false,"template":"","format":"image","meta":{"_jetpack_memberships_contains_paid_content":false,"footnotes":"","jetpack_publicize_message":"","jetpack_publicize_feature_enabled":true,"jetpack_social_post_already_shared":true,"jetpack_social_options":{"image_generator_settings":{"template":"highway","enabled":false},"version":2}},"categories":[1],"tags":[],"class_list":{"0":"post-46530","1":"post","2":"type-post","3":"status-publish","4":"format-image","6":"category-sin-categoria","7":"post_format-post-format-image"},"jetpack_publicize_connections":[],"jetpack_sharing_enabled":true,"jetpack_featured_media_url":"","jetpack_shortlink":"https:\/\/wp.me\/p90W9F-c6u","_links":{"self":[{"href":"https:\/\/www.masrojo.com.ar\/home\/wp-json\/wp\/v2\/posts\/46530"}],"collection":[{"href":"https:\/\/www.masrojo.com.ar\/home\/wp-json\/wp\/v2\/posts"}],"about":[{"href":"https:\/\/www.masrojo.com.ar\/home\/wp-json\/wp\/v2\/types\/post"}],"author":[{"embeddable":true,"href":"https:\/\/www.masrojo.com.ar\/home\/wp-json\/wp\/v2\/users\/6"}],"replies":[{"embeddable":true,"href":"https:\/\/www.masrojo.com.ar\/home\/wp-json\/wp\/v2\/comments?post=46530"}],"version-history":[{"count":1,"href":"https:\/\/www.masrojo.com.ar\/home\/wp-json\/wp\/v2\/posts\/46530\/revisions"}],"predecessor-version":[{"id":46536,"href":"https:\/\/www.masrojo.com.ar\/home\/wp-json\/wp\/v2\/posts\/46530\/revisions\/46536"}],"wp:attachment":[{"href":"https:\/\/www.masrojo.com.ar\/home\/wp-json\/wp\/v2\/media?parent=46530"}],"wp:term":[{"taxonomy":"category","embeddable":true,"href":"https:\/\/www.masrojo.com.ar\/home\/wp-json\/wp\/v2\/categories?post=46530"},{"taxonomy":"post_tag","embeddable":true,"href":"https:\/\/www.masrojo.com.ar\/home\/wp-json\/wp\/v2\/tags?post=46530"}],"curies":[{"name":"wp","href":"https:\/\/api.w.org\/{rel}","templated":true}]}}