{"id":46537,"date":"2021-01-20T21:23:08","date_gmt":"2021-01-21T00:23:08","guid":{"rendered":"https:\/\/www.masrojo.com.ar\/home\/?p=46537"},"modified":"2021-01-20T23:13:35","modified_gmt":"2021-01-21T02:13:35","slug":"acuerdo-total-con-falcioni","status":"publish","type":"post","link":"https:\/\/www.masrojo.com.ar\/home\/2021\/01\/20\/acuerdo-total-con-falcioni\/","title":{"rendered":"ACUERDO TOTAL CON FALCIONI"},"content":{"rendered":"<p style=\"text-align: justify;\">El t\u00e9cnico de 64 a\u00f1os se presentar\u00e1 ante el plantel y luego estampar\u00e1 a r\u00fabrica de su vinculo, que finalizar\u00e1 en diciembre.<\/p>\n<p style=\"text-align: justify;\">El t\u00e9cnico percibir\u00e1 un salario bajo y ma\u00f1ana estampar\u00e1 la firma. El entrenador de 64 a\u00f1os pasar\u00e1 por el predio para presentarse ante los jugadores y tener una breve charla antes de comenzar a trabajar. Luego firmar\u00e1 su contrato, que lo ligar\u00e1 a la instituci\u00f3n hasta el pr\u00f3ximo 31 de diciembre.<\/p>\n<p style=\"text-align: justify;\">Adem\u00e1s de Monz\u00f3n, quien llegar\u00e1 como ayudante, el cuerpo t\u00e9cnico estar\u00e1 compuesto por su mano derecha, Omar Piccoli, los preparadores f\u00edsicos Gustavo Otero y Castellanos y el entrenador de arqueros C\u00e9sar Vel\u00e1zquez.<\/p>\n<p><iframe loading=\"lazy\" width=\"560\" height=\"315\" src=\"https:\/\/www.youtube.com\/embed\/cIRWVfmeH8A\" frameborder=\"0\" allow=\"accelerometer; autoplay; clipboard-write; encrypted-media; gyroscope; picture-in-picture\" allowfullscreen><\/iframe><\/p>\n","protected":false},"excerpt":{"rendered":"<div class=\"mh-excerpt\"><p>El t\u00e9cnico de 64 a\u00f1os se presentar\u00e1 ante el plantel y luego estampar\u00e1 a r\u00fabrica de su vinculo, que finalizar\u00e1 en diciembre. El t\u00e9cnico percibir\u00e1 un salario bajo y ma\u00f1ana estampar\u00e1 la firma. El entrenador <a class=\"mh-excerpt-more\" href=\"https:\/\/www.masrojo.com.ar\/home\/2021\/01\/20\/acuerdo-total-con-falcioni\/\" title=\"ACUERDO TOTAL CON FALCIONI\">[&#8230;]<\/a><\/p>\n<\/div>","protected":false},"author":6,"featured_media":0,"comment_status":"closed","ping_status":"closed","sticky":false,"template":"","format":"image","meta":{"_jetpack_memberships_contains_paid_content":false,"footnotes":"","jetpack_publicize_message":"","jetpack_publicize_feature_enabled":true,"jetpack_social_post_already_shared":true,"jetpack_social_options":{"image_generator_settings":{"template":"highway","enabled":false},"version":2}},"categories":[4],"tags":[],"class_list":{"0":"post-46537","1":"post","2":"type-post","3":"status-publish","4":"format-image","6":"category-actualidad","7":"post_format-post-format-image"},"jetpack_publicize_connections":[],"jetpack_sharing_enabled":true,"jetpack_featured_media_url":"","jetpack_shortlink":"https:\/\/wp.me\/p90W9F-c6B","_links":{"self":[{"href":"https:\/\/www.masrojo.com.ar\/home\/wp-json\/wp\/v2\/posts\/46537"}],"collection":[{"href":"https:\/\/www.masrojo.com.ar\/home\/wp-json\/wp\/v2\/posts"}],"about":[{"href":"https:\/\/www.masrojo.com.ar\/home\/wp-json\/wp\/v2\/types\/post"}],"author":[{"embeddable":true,"href":"https:\/\/www.masrojo.com.ar\/home\/wp-json\/wp\/v2\/users\/6"}],"replies":[{"embeddable":true,"href":"https:\/\/www.masrojo.com.ar\/home\/wp-json\/wp\/v2\/comments?post=46537"}],"version-history":[{"count":2,"href":"https:\/\/www.masrojo.com.ar\/home\/wp-json\/wp\/v2\/posts\/46537\/revisions"}],"predecessor-version":[{"id":46565,"href":"https:\/\/www.masrojo.com.ar\/home\/wp-json\/wp\/v2\/posts\/46537\/revisions\/46565"}],"wp:attachment":[{"href":"https:\/\/www.masrojo.com.ar\/home\/wp-json\/wp\/v2\/media?parent=46537"}],"wp:term":[{"taxonomy":"category","embeddable":true,"href":"https:\/\/www.masrojo.com.ar\/home\/wp-json\/wp\/v2\/categories?post=46537"},{"taxonomy":"post_tag","embeddable":true,"href":"https:\/\/www.masrojo.com.ar\/home\/wp-json\/wp\/v2\/tags?post=46537"}],"curies":[{"name":"wp","href":"https:\/\/api.w.org\/{rel}","templated":true}]}}