{"id":46545,"date":"2021-01-20T21:28:04","date_gmt":"2021-01-21T00:28:04","guid":{"rendered":"https:\/\/www.masrojo.com.ar\/home\/?p=46545"},"modified":"2021-01-20T23:13:08","modified_gmt":"2021-01-21T02:13:08","slug":"monzon-tambien-acordo-su-llegada","status":"publish","type":"post","link":"https:\/\/www.masrojo.com.ar\/home\/2021\/01\/20\/monzon-tambien-acordo-su-llegada\/","title":{"rendered":"MONZ\u00d3N TAMBI\u00c9N ACORD\u00d3 SU LLEGADA"},"content":{"rendered":"<p class=\"article__dropline soft\" style=\"text-align: justify;\">Ser\u00e1 ayudante de campo de Falcioni<\/p>\n<p class=\"paragraph\" style=\"text-align: justify;\"><b>Pedro Monz\u00f3n<\/b>\u00a0se desvive por\u00a0<b>Independiente<\/b>. Este correntino de Goya desde muy chico empez\u00f3 a recorrer cada rinc\u00f3n del estadio de La Doble Visera.\u00a0El Moncho\u00a0vivi\u00f3 en el\u00a0Rojo, donde creci\u00f3 y se form\u00f3 como persona y jugador.<\/p>\n<p class=\"paragraph\" style=\"text-align: justify;\"><b>Hoy, a sus 58 a\u00f1os, la vida lo vuelve a vincular a Independiente<\/b>. Pedro forma parte del cuerpo t\u00e9cnico de\u00a0<b>Julio C\u00e9sar Falcioni<\/b> que se har\u00e1 cargo del equipo. La oportunidad le llega en un buen momento personal luego de su buen paso por Argentino de Quilmes.<\/p>\n<p class=\"paragraph\" style=\"text-align: justify;\">El \u00faltimo equipo que dirigi\u00f3 fue Argentino de Quilmes, donde qued\u00f3 eliminado por penales ante Trist\u00e1n Su\u00e1rez en el reducido de la Primera B. A partir de all\u00ed decidi\u00f3 dar un paso al costado, pero siempre esper\u00f3 el llamado para ser parte del proyecto Independiente.<\/p>\n<p style=\"text-align: justify;\">Adem\u00e1s de ser ayudante de campo de Julio Falcioni, estar\u00e1 a cargo de la Reserva<\/p>\n<figure>\n<div class=\"aspect_ratio__container\"><picture class=\"responsive-image\"><source srcset=\"https:\/\/artear-tn-prod.cdn.arcpublishing.com\/resizer\/1t2fjkOwbAjEIfYmraI-ovK46xw=\/767x0\/smart\/cloudfront-us-east-1.images.arcpublishing.com\/artear\/IIJRR622ABGYLHCMLC5YZMQZDI.jpg\" type=\"image\/jpg\" media=\"(max-width: 728px)\" \/><source srcset=\"https:\/\/artear-tn-prod.cdn.arcpublishing.com\/resizer\/t7Cn3iVhHgkvwe2fKcJ4wfXmBNg=\/1023x0\/smart\/cloudfront-us-east-1.images.arcpublishing.com\/artear\/IIJRR622ABGYLHCMLC5YZMQZDI.jpg\" type=\"image\/jpg\" media=\"(max-width: 1023px)\" \/><source srcset=\"https:\/\/artear-tn-prod.cdn.arcpublishing.com\/resizer\/xplmu_9qo8kx55nPWL0Mva2jvgY=\/1440x0\/smart\/cloudfront-us-east-1.images.arcpublishing.com\/artear\/IIJRR622ABGYLHCMLC5YZMQZDI.jpg\" type=\"image\/jpg\" \/><\/picture><\/div>\n<\/figure>\n<p><iframe loading=\"lazy\" src=\"https:\/\/www.youtube.com\/embed\/cIRWVfmeH8A\" width=\"560\" height=\"315\" frameborder=\"0\" allowfullscreen=\"allowfullscreen\"><\/iframe><\/p>\n","protected":false},"excerpt":{"rendered":"<div class=\"mh-excerpt\"><p>Ser\u00e1 ayudante de campo de Falcioni Pedro Monz\u00f3n\u00a0se desvive por\u00a0Independiente. Este correntino de Goya desde muy chico empez\u00f3 a recorrer cada rinc\u00f3n del estadio de La Doble Visera.\u00a0El Moncho\u00a0vivi\u00f3 en el\u00a0Rojo, donde creci\u00f3 y se <a class=\"mh-excerpt-more\" href=\"https:\/\/www.masrojo.com.ar\/home\/2021\/01\/20\/monzon-tambien-acordo-su-llegada\/\" title=\"MONZ\u00d3N TAMBI\u00c9N ACORD\u00d3 SU LLEGADA\">[&#8230;]<\/a><\/p>\n<\/div>","protected":false},"author":6,"featured_media":0,"comment_status":"closed","ping_status":"closed","sticky":false,"template":"","format":"image","meta":{"_jetpack_memberships_contains_paid_content":false,"footnotes":"","jetpack_publicize_message":"","jetpack_publicize_feature_enabled":true,"jetpack_social_post_already_shared":true,"jetpack_social_options":{"image_generator_settings":{"template":"highway","enabled":false},"version":2}},"categories":[4],"tags":[],"class_list":{"0":"post-46545","1":"post","2":"type-post","3":"status-publish","4":"format-image","6":"category-actualidad","7":"post_format-post-format-image"},"jetpack_publicize_connections":[],"jetpack_sharing_enabled":true,"jetpack_featured_media_url":"","jetpack_shortlink":"https:\/\/wp.me\/p90W9F-c6J","_links":{"self":[{"href":"https:\/\/www.masrojo.com.ar\/home\/wp-json\/wp\/v2\/posts\/46545"}],"collection":[{"href":"https:\/\/www.masrojo.com.ar\/home\/wp-json\/wp\/v2\/posts"}],"about":[{"href":"https:\/\/www.masrojo.com.ar\/home\/wp-json\/wp\/v2\/types\/post"}],"author":[{"embeddable":true,"href":"https:\/\/www.masrojo.com.ar\/home\/wp-json\/wp\/v2\/users\/6"}],"replies":[{"embeddable":true,"href":"https:\/\/www.masrojo.com.ar\/home\/wp-json\/wp\/v2\/comments?post=46545"}],"version-history":[{"count":2,"href":"https:\/\/www.masrojo.com.ar\/home\/wp-json\/wp\/v2\/posts\/46545\/revisions"}],"predecessor-version":[{"id":46564,"href":"https:\/\/www.masrojo.com.ar\/home\/wp-json\/wp\/v2\/posts\/46545\/revisions\/46564"}],"wp:attachment":[{"href":"https:\/\/www.masrojo.com.ar\/home\/wp-json\/wp\/v2\/media?parent=46545"}],"wp:term":[{"taxonomy":"category","embeddable":true,"href":"https:\/\/www.masrojo.com.ar\/home\/wp-json\/wp\/v2\/categories?post=46545"},{"taxonomy":"post_tag","embeddable":true,"href":"https:\/\/www.masrojo.com.ar\/home\/wp-json\/wp\/v2\/tags?post=46545"}],"curies":[{"name":"wp","href":"https:\/\/api.w.org\/{rel}","templated":true}]}}