{"id":46553,"date":"2021-01-20T21:31:38","date_gmt":"2021-01-21T00:31:38","guid":{"rendered":"https:\/\/www.masrojo.com.ar\/home\/?p=46553"},"modified":"2021-01-20T23:12:24","modified_gmt":"2021-01-21T02:12:24","slug":"los-refuerzos-que-quiere-falcioni","status":"publish","type":"post","link":"https:\/\/www.masrojo.com.ar\/home\/2021\/01\/20\/los-refuerzos-que-quiere-falcioni\/","title":{"rendered":"LOS REFUERZOS QUE QUIERE FALCIONI"},"content":{"rendered":"<p style=\"text-align: justify;\">Ya se puso a trabajar y a ver con qu\u00e9 plantel cuenta. Julio C\u00e9sar Falcioni ya puso primera en el Rojo.<\/p>\n<p style=\"text-align: justify;\">Si bien Falcioni aprovechar\u00e1 los pr\u00f3ximos d\u00edas para realizar una profunda evaluaci\u00f3n del plantel, los directivos se sorprendieron ya que advirtieron que est\u00e1 \u200bal tanto con lujo de detalles y mucho nivel de precisi\u00f3n en funci\u00f3n del material que hay disponible. Luego de conversar con el coordinador general de las divisiones inferiores, Fernando Ber\u00f3n, el t\u00e9cnico sacar\u00e1 conclusiones y decidir\u00e1 si van o no a buscar alg\u00fan refuerzo. En principio, est\u00e1 satisfecho con lo que tiene a disposici\u00f3n. Independiente tendr\u00e1 un calendario muy ajustado reci\u00e9n entre el 21 de abril y el 26 de mayo, cuando deber\u00e1 disputar los seis partidos de la fase de grupos de la Copa Sudamericana.<\/p>\n<p style=\"text-align: justify;\">Aunque en la primera reuni\u00f3n con la dirigencia, Falcioni habl\u00f3 del plantel, sugiri\u00f3 que el equipo precisa altura, le gusta Sergio Barreto, conoce a Sebasti\u00e1n Sosa de Boca y habl\u00f3 de puestos a reforzar: un central, un mediocampista y un delantero.<\/p>\n<p>La dirigencia de Independiente no quiere hacer gastos en este mercado. Por lo menos un refuerzo van a tratar de darle.<\/p>\n<p><iframe loading=\"lazy\" src=\"https:\/\/www.youtube.com\/embed\/cIRWVfmeH8A\" width=\"560\" height=\"315\" frameborder=\"0\" allowfullscreen=\"allowfullscreen\"><\/iframe><\/p>\n","protected":false},"excerpt":{"rendered":"<div class=\"mh-excerpt\"><p>Ya se puso a trabajar y a ver con qu\u00e9 plantel cuenta. Julio C\u00e9sar Falcioni ya puso primera en el Rojo. Si bien Falcioni aprovechar\u00e1 los pr\u00f3ximos d\u00edas para realizar una profunda evaluaci\u00f3n del plantel, <a class=\"mh-excerpt-more\" href=\"https:\/\/www.masrojo.com.ar\/home\/2021\/01\/20\/los-refuerzos-que-quiere-falcioni\/\" title=\"LOS REFUERZOS QUE QUIERE FALCIONI\">[&#8230;]<\/a><\/p>\n<\/div>","protected":false},"author":6,"featured_media":0,"comment_status":"closed","ping_status":"closed","sticky":false,"template":"","format":"image","meta":{"_jetpack_memberships_contains_paid_content":false,"footnotes":"","jetpack_publicize_message":"","jetpack_publicize_feature_enabled":true,"jetpack_social_post_already_shared":true,"jetpack_social_options":{"image_generator_settings":{"template":"highway","enabled":false},"version":2}},"categories":[4],"tags":[],"class_list":{"0":"post-46553","1":"post","2":"type-post","3":"status-publish","4":"format-image","6":"category-actualidad","7":"post_format-post-format-image"},"jetpack_publicize_connections":[],"jetpack_sharing_enabled":true,"jetpack_featured_media_url":"","jetpack_shortlink":"https:\/\/wp.me\/p90W9F-c6R","_links":{"self":[{"href":"https:\/\/www.masrojo.com.ar\/home\/wp-json\/wp\/v2\/posts\/46553"}],"collection":[{"href":"https:\/\/www.masrojo.com.ar\/home\/wp-json\/wp\/v2\/posts"}],"about":[{"href":"https:\/\/www.masrojo.com.ar\/home\/wp-json\/wp\/v2\/types\/post"}],"author":[{"embeddable":true,"href":"https:\/\/www.masrojo.com.ar\/home\/wp-json\/wp\/v2\/users\/6"}],"replies":[{"embeddable":true,"href":"https:\/\/www.masrojo.com.ar\/home\/wp-json\/wp\/v2\/comments?post=46553"}],"version-history":[{"count":2,"href":"https:\/\/www.masrojo.com.ar\/home\/wp-json\/wp\/v2\/posts\/46553\/revisions"}],"predecessor-version":[{"id":46563,"href":"https:\/\/www.masrojo.com.ar\/home\/wp-json\/wp\/v2\/posts\/46553\/revisions\/46563"}],"wp:attachment":[{"href":"https:\/\/www.masrojo.com.ar\/home\/wp-json\/wp\/v2\/media?parent=46553"}],"wp:term":[{"taxonomy":"category","embeddable":true,"href":"https:\/\/www.masrojo.com.ar\/home\/wp-json\/wp\/v2\/categories?post=46553"},{"taxonomy":"post_tag","embeddable":true,"href":"https:\/\/www.masrojo.com.ar\/home\/wp-json\/wp\/v2\/tags?post=46553"}],"curies":[{"name":"wp","href":"https:\/\/api.w.org\/{rel}","templated":true}]}}