{"id":46582,"date":"2021-01-21T18:42:40","date_gmt":"2021-01-21T21:42:40","guid":{"rendered":"https:\/\/www.masrojo.com.ar\/home\/?p=46582"},"modified":"2021-01-21T21:41:52","modified_gmt":"2021-01-22T00:41:52","slug":"boca-vuelve-a-la-carga-por-bustos","status":"publish","type":"post","link":"https:\/\/www.masrojo.com.ar\/home\/2021\/01\/21\/boca-vuelve-a-la-carga-por-bustos\/","title":{"rendered":"Boca vuelve a la carga por Bustos"},"content":{"rendered":"<p style=\"text-align: justify;\">El Consejo de F\u00fatbol se comunic\u00f3 nuevamente con su representante, luego de las negociaciones del a\u00f1o pasado. El Xeneize buscar\u00e1 adem\u00e1s otro lateral derecho y el candidato ser\u00eda Tenaglia.<\/p>\n<p style=\"text-align: justify;\">La dirigencia de Boca volvi\u00f3 a pedir condiciones por Fabricio Bustos, a quien ya hab\u00eda intentado contratar a mediados del a\u00f1o pasado. La comunicaci\u00f3n habr\u00eda sido con su representante y m\u00e1s all\u00e1 del inter\u00e9s, en el Xeneize sienten que las negociaciones son muy complicadas.<\/p>\n<p style=\"text-align: justify;\">El lateral derecho es uno de los puestos que el club quiere reforzar en 2021 y hasta podr\u00eda buscar dos incorporaciones. Es que tanto Julio Buffarini como Leonardo Jara finalizan sus contratos el 30 de junio: con el cordob\u00e9s ni siquiera continuar\u00e1n las conversaciones y con el ex-Estudiantes no hubo avances.<\/p>\n<p style=\"text-align: justify;\">El otro candidato en ese puesto es Nahuel Tenaglia, defensor de Talleres que hizo Inferiores en Boca. Antes de quedar libre estuvo dos a\u00f1os y jugaba como extremo por derecha (era compa\u00f1ero de Juan Cruz Komar y Tom\u00e1s Pochettino, quienes actualmente visten la camiseta del conjunto cordob\u00e9s).<\/p>\n<p style=\"text-align: justify;\">POR QU\u00c9 BUSTOS NO LLEG\u00d3 A BOCA EN LA NEGOCIACI\u00d3N ANTERIOR<br \/>\nEl futbolista de 24 a\u00f1os, con contrato en el Rojo hasta junio de 2022, hab\u00eda sido incluido en una operaci\u00f3n que buscaba un truque con Iv\u00e1n Marcone y en la que tambi\u00e9n iban a participar Silvio Romero y Agust\u00edn Rossi. Las charlas entre las dos partes finalmente no pudieron llegar a buen puerto.<\/p>\n<p><iframe loading=\"lazy\" width=\"560\" height=\"315\" src=\"https:\/\/www.youtube.com\/embed\/hROeKjhafwA\" frameborder=\"0\" allow=\"accelerometer; autoplay; clipboard-write; encrypted-media; gyroscope; picture-in-picture\" allowfullscreen><\/iframe><\/p>\n","protected":false},"excerpt":{"rendered":"<div class=\"mh-excerpt\"><p>El Consejo de F\u00fatbol se comunic\u00f3 nuevamente con su representante, luego de las negociaciones del a\u00f1o pasado. El Xeneize buscar\u00e1 adem\u00e1s otro lateral derecho y el candidato ser\u00eda Tenaglia. La dirigencia de Boca volvi\u00f3 a <a class=\"mh-excerpt-more\" href=\"https:\/\/www.masrojo.com.ar\/home\/2021\/01\/21\/boca-vuelve-a-la-carga-por-bustos\/\" title=\"Boca vuelve a la carga por Bustos\">[&#8230;]<\/a><\/p>\n<\/div>","protected":false},"author":6,"featured_media":0,"comment_status":"closed","ping_status":"closed","sticky":false,"template":"","format":"image","meta":{"_jetpack_memberships_contains_paid_content":false,"footnotes":"","jetpack_publicize_message":"","jetpack_publicize_feature_enabled":true,"jetpack_social_post_already_shared":true,"jetpack_social_options":{"image_generator_settings":{"template":"highway","enabled":false},"version":2}},"categories":[4],"tags":[],"class_list":{"0":"post-46582","1":"post","2":"type-post","3":"status-publish","4":"format-image","6":"category-actualidad","7":"post_format-post-format-image"},"jetpack_publicize_connections":[],"jetpack_sharing_enabled":true,"jetpack_featured_media_url":"","jetpack_shortlink":"https:\/\/wp.me\/p90W9F-c7k","_links":{"self":[{"href":"https:\/\/www.masrojo.com.ar\/home\/wp-json\/wp\/v2\/posts\/46582"}],"collection":[{"href":"https:\/\/www.masrojo.com.ar\/home\/wp-json\/wp\/v2\/posts"}],"about":[{"href":"https:\/\/www.masrojo.com.ar\/home\/wp-json\/wp\/v2\/types\/post"}],"author":[{"embeddable":true,"href":"https:\/\/www.masrojo.com.ar\/home\/wp-json\/wp\/v2\/users\/6"}],"replies":[{"embeddable":true,"href":"https:\/\/www.masrojo.com.ar\/home\/wp-json\/wp\/v2\/comments?post=46582"}],"version-history":[{"count":2,"href":"https:\/\/www.masrojo.com.ar\/home\/wp-json\/wp\/v2\/posts\/46582\/revisions"}],"predecessor-version":[{"id":46616,"href":"https:\/\/www.masrojo.com.ar\/home\/wp-json\/wp\/v2\/posts\/46582\/revisions\/46616"}],"wp:attachment":[{"href":"https:\/\/www.masrojo.com.ar\/home\/wp-json\/wp\/v2\/media?parent=46582"}],"wp:term":[{"taxonomy":"category","embeddable":true,"href":"https:\/\/www.masrojo.com.ar\/home\/wp-json\/wp\/v2\/categories?post=46582"},{"taxonomy":"post_tag","embeddable":true,"href":"https:\/\/www.masrojo.com.ar\/home\/wp-json\/wp\/v2\/tags?post=46582"}],"curies":[{"name":"wp","href":"https:\/\/api.w.org\/{rel}","templated":true}]}}