{"id":46589,"date":"2021-01-21T18:46:24","date_gmt":"2021-01-21T21:46:24","guid":{"rendered":"https:\/\/www.masrojo.com.ar\/home\/?p=46589"},"modified":"2021-01-21T21:41:17","modified_gmt":"2021-01-22T00:41:17","slug":"falcioni-puso-la-firma","status":"publish","type":"post","link":"https:\/\/www.masrojo.com.ar\/home\/2021\/01\/21\/falcioni-puso-la-firma\/","title":{"rendered":"FALCIONI PUSO LA FIRMA"},"content":{"rendered":"<p>Julio C\u00e9sar Falcioni es el nuevo Director T\u00e9cnico del plantel profesional de f\u00fatbol. Ha firmado contrato hasta diciembre de 2021 e intentar\u00e1 llevar al Rey de Copas a lo m\u00e1s alto en la Copa Diego Maradona y la Copa Sudamericana, los dos objetivos inmediatos de esta temporada.<\/p>\n<p>Junto con \u00e9l llegan Omar P\u00edccoli y Pedro Dami\u00e1n Monz\u00f3n como Ayudantes de Campo, Gustavo Otero, Rodrigo Castellanos y Kenshi P\u00edccoli en la preparaci\u00f3n f\u00edsica y C\u00e9sar Vel\u00e1zquez el el rol de Entrenador de Arqueros.<\/p>\n<p><img decoding=\"async\" src=\"https:\/\/pbs.twimg.com\/media\/EsRdzueWMBAGG9l?format=jpg&amp;name=large\" alt=\"Imagen\" \/><\/p>\n<p>Se trata de su segunda etapa en el club, tras su paso en la temporada 2005-2006, donde supo alcanzar un cuarto puesto en el torneo local con un recordado equipo que contaba con figuras como Sergio Ag\u00fcero, Oscar Ustari, Lucas Biglia y Nicol\u00e1s Frutos, entre otros.<\/p>\n<p><img decoding=\"async\" src=\"https:\/\/pbs.twimg.com\/media\/EsRIb-rWMAgr4Vm?format=jpg&amp;name=large\" alt=\"Imagen\" \/><\/p>\n<p>Falcioni, de 64 a\u00f1os, fue campe\u00f3n del f\u00fatbol argentino con Boca Juniors y con Banfield, instituci\u00f3n donde se desempe\u00f1\u00f3 como DT hasta el inicio de la pandemia. Ahora vuelve a Avellaneda, donde esperamos que siga agrandando su palmar\u00e9s como entrenador.<\/p>\n<p><img decoding=\"async\" src=\"https:\/\/pbs.twimg.com\/media\/EsROk_YXcAETUsN?format=jpg&amp;name=large\" alt=\"Imagen\" \/><\/p>\n<p><iframe loading=\"lazy\" width=\"560\" height=\"315\" src=\"https:\/\/www.youtube.com\/embed\/hROeKjhafwA\" frameborder=\"0\" allow=\"accelerometer; autoplay; clipboard-write; encrypted-media; gyroscope; picture-in-picture\" allowfullscreen><\/iframe><\/p>\n","protected":false},"excerpt":{"rendered":"<div class=\"mh-excerpt\"><p>Julio C\u00e9sar Falcioni es el nuevo Director T\u00e9cnico del plantel profesional de f\u00fatbol. Ha firmado contrato hasta diciembre de 2021 e intentar\u00e1 llevar al Rey de Copas a lo m\u00e1s alto en la Copa Diego <a class=\"mh-excerpt-more\" href=\"https:\/\/www.masrojo.com.ar\/home\/2021\/01\/21\/falcioni-puso-la-firma\/\" title=\"FALCIONI PUSO LA FIRMA\">[&#8230;]<\/a><\/p>\n<\/div>","protected":false},"author":6,"featured_media":0,"comment_status":"closed","ping_status":"closed","sticky":false,"template":"","format":"image","meta":{"_jetpack_memberships_contains_paid_content":false,"footnotes":"","jetpack_publicize_message":"","jetpack_publicize_feature_enabled":true,"jetpack_social_post_already_shared":true,"jetpack_social_options":{"image_generator_settings":{"template":"highway","enabled":false},"version":2}},"categories":[4],"tags":[],"class_list":{"0":"post-46589","1":"post","2":"type-post","3":"status-publish","4":"format-image","6":"category-actualidad","7":"post_format-post-format-image"},"jetpack_publicize_connections":[],"jetpack_sharing_enabled":true,"jetpack_featured_media_url":"","jetpack_shortlink":"https:\/\/wp.me\/p90W9F-c7r","_links":{"self":[{"href":"https:\/\/www.masrojo.com.ar\/home\/wp-json\/wp\/v2\/posts\/46589"}],"collection":[{"href":"https:\/\/www.masrojo.com.ar\/home\/wp-json\/wp\/v2\/posts"}],"about":[{"href":"https:\/\/www.masrojo.com.ar\/home\/wp-json\/wp\/v2\/types\/post"}],"author":[{"embeddable":true,"href":"https:\/\/www.masrojo.com.ar\/home\/wp-json\/wp\/v2\/users\/6"}],"replies":[{"embeddable":true,"href":"https:\/\/www.masrojo.com.ar\/home\/wp-json\/wp\/v2\/comments?post=46589"}],"version-history":[{"count":2,"href":"https:\/\/www.masrojo.com.ar\/home\/wp-json\/wp\/v2\/posts\/46589\/revisions"}],"predecessor-version":[{"id":46615,"href":"https:\/\/www.masrojo.com.ar\/home\/wp-json\/wp\/v2\/posts\/46589\/revisions\/46615"}],"wp:attachment":[{"href":"https:\/\/www.masrojo.com.ar\/home\/wp-json\/wp\/v2\/media?parent=46589"}],"wp:term":[{"taxonomy":"category","embeddable":true,"href":"https:\/\/www.masrojo.com.ar\/home\/wp-json\/wp\/v2\/categories?post=46589"},{"taxonomy":"post_tag","embeddable":true,"href":"https:\/\/www.masrojo.com.ar\/home\/wp-json\/wp\/v2\/tags?post=46589"}],"curies":[{"name":"wp","href":"https:\/\/api.w.org\/{rel}","templated":true}]}}