{"id":46619,"date":"2021-01-22T13:38:53","date_gmt":"2021-01-22T16:38:53","guid":{"rendered":"https:\/\/www.masrojo.com.ar\/home\/?p=46619"},"modified":"2021-01-22T13:38:53","modified_gmt":"2021-01-22T16:38:53","slug":"arranco-el-emperador","status":"publish","type":"post","link":"https:\/\/www.masrojo.com.ar\/home\/2021\/01\/22\/arranco-el-emperador\/","title":{"rendered":"ARRANC\u00d3 EL EMPERADOR"},"content":{"rendered":"<p>El plantel de Independiente retorn\u00f3 a los entrenamientos en Villa Dominico bajo la direcci\u00f3n t\u00e9cnica del nuevo entrenador Julio Cesar Falcioni.<\/p>\n<p>Los futbolistas del Rojo comenzaron el entrenamiento en el Predio de Dominico realizando un circuito de fuerza, luego para proseguir con el trabajo f\u00edsico comenzaron trabajos f\u00edsicos aer\u00f3bicos. Para finalizar, tuvieron una pasada con circuitos de pase en alta intensidad y definici\u00f3n.<\/p>\n<p>Los profesionales que han sido parte del entrenamiento son:<\/p>\n<p>Arqueros:<br \/>\nSebasti\u00e1n Sosa<br \/>\nMilton \u00c1lvarez<br \/>\nRenzo Bacchia<br \/>\nDiego Segovia<\/p>\n<p>Defensores:<br \/>\nGonzalo Asis<br \/>\nFabricio Bustos<br \/>\nAlan Franco<br \/>\nSergio Barreto<br \/>\nPatricio Ostachuk<br \/>\nAyrton Costa<br \/>\nAlexander Barboza<br \/>\nThomas Ortega<br \/>\nLucas Rodr\u00edguez<br \/>\nJuan Di Lorenzo<br \/>\nEzequiel Mu\u00f1oz (rehabilitaci\u00f3n)<\/p>\n<p>Volantes:<br \/>\nLucas Romero<br \/>\nPablo Hern\u00e1ndez<br \/>\nLucas Gonz\u00e1lez<br \/>\nJuan Pacchini<br \/>\nAndr\u00e9s Roa<br \/>\nTom\u00e1s Pozzo<br \/>\nDomingo Blanco<br \/>\nAlan So\u00f1ora<br \/>\nGast\u00f3n Togni<br \/>\nJuan Da Rosa<br \/>\nFernando Ch\u00e1vez<br \/>\nCarlos Benavidez (rehabilitaci\u00f3n)<\/p>\n<p>Delanteros:<br \/>\nMarcos Landaburu<br \/>\nNicol\u00e1s Messiniti<br \/>\nJonathan Men\u00e9ndez<br \/>\nSilvio Romero<br \/>\nAlan Velasco<br \/>\nBraian Mart\u00ednez<br \/>\nFederico Mart\u00ednez<br \/>\nMauricio Del Castillo<\/p>\n<p>Carlos Benavidez y Ezequiel Mu\u00f1oz que lo han hecho de manera diferenciada por rehabilitaci\u00f3n.<\/p>\n<p>Luego de los hisopados previos al regreso de los entrenamientos, Ezequiel Denis fue el \u00fanico caso positivo a COVID-19. Se encuentra en buen estado y cumpliendo con el aislamiento.<\/p>\n","protected":false},"excerpt":{"rendered":"<div class=\"mh-excerpt\"><p>El plantel de Independiente retorn\u00f3 a los entrenamientos en Villa Dominico bajo la direcci\u00f3n t\u00e9cnica del nuevo entrenador Julio Cesar Falcioni. Los futbolistas del Rojo comenzaron el entrenamiento en el Predio de Dominico realizando un <a class=\"mh-excerpt-more\" href=\"https:\/\/www.masrojo.com.ar\/home\/2021\/01\/22\/arranco-el-emperador\/\" title=\"ARRANC\u00d3 EL EMPERADOR\">[&#8230;]<\/a><\/p>\n<\/div>","protected":false},"author":6,"featured_media":46620,"comment_status":"closed","ping_status":"closed","sticky":false,"template":"","format":"image","meta":{"_jetpack_memberships_contains_paid_content":false,"footnotes":"","jetpack_publicize_message":"","jetpack_publicize_feature_enabled":true,"jetpack_social_post_already_shared":true,"jetpack_social_options":{"image_generator_settings":{"template":"highway","enabled":false},"version":2}},"categories":[4],"tags":[],"class_list":{"0":"post-46619","1":"post","2":"type-post","3":"status-publish","4":"format-image","5":"has-post-thumbnail","7":"category-actualidad","8":"post_format-post-format-image"},"jetpack_publicize_connections":[],"jetpack_sharing_enabled":true,"jetpack_featured_media_url":"https:\/\/i0.wp.com\/www.masrojo.com.ar\/home\/wp-content\/uploads\/IMG_20201229_080455.jpg?fit=1024%2C728&ssl=1","jetpack_shortlink":"https:\/\/wp.me\/p90W9F-c7V","_links":{"self":[{"href":"https:\/\/www.masrojo.com.ar\/home\/wp-json\/wp\/v2\/posts\/46619"}],"collection":[{"href":"https:\/\/www.masrojo.com.ar\/home\/wp-json\/wp\/v2\/posts"}],"about":[{"href":"https:\/\/www.masrojo.com.ar\/home\/wp-json\/wp\/v2\/types\/post"}],"author":[{"embeddable":true,"href":"https:\/\/www.masrojo.com.ar\/home\/wp-json\/wp\/v2\/users\/6"}],"replies":[{"embeddable":true,"href":"https:\/\/www.masrojo.com.ar\/home\/wp-json\/wp\/v2\/comments?post=46619"}],"version-history":[{"count":1,"href":"https:\/\/www.masrojo.com.ar\/home\/wp-json\/wp\/v2\/posts\/46619\/revisions"}],"predecessor-version":[{"id":46626,"href":"https:\/\/www.masrojo.com.ar\/home\/wp-json\/wp\/v2\/posts\/46619\/revisions\/46626"}],"wp:featuredmedia":[{"embeddable":true,"href":"https:\/\/www.masrojo.com.ar\/home\/wp-json\/wp\/v2\/media\/46620"}],"wp:attachment":[{"href":"https:\/\/www.masrojo.com.ar\/home\/wp-json\/wp\/v2\/media?parent=46619"}],"wp:term":[{"taxonomy":"category","embeddable":true,"href":"https:\/\/www.masrojo.com.ar\/home\/wp-json\/wp\/v2\/categories?post=46619"},{"taxonomy":"post_tag","embeddable":true,"href":"https:\/\/www.masrojo.com.ar\/home\/wp-json\/wp\/v2\/tags?post=46619"}],"curies":[{"name":"wp","href":"https:\/\/api.w.org\/{rel}","templated":true}]}}