{"id":47051,"date":"2021-02-02T22:29:37","date_gmt":"2021-02-03T01:29:37","guid":{"rendered":"https:\/\/www.masrojo.com.ar\/home\/?p=47051"},"modified":"2021-02-02T23:03:10","modified_gmt":"2021-02-03T02:03:10","slug":"con-falcioni-tengo-palabras-de-agradecimiento","status":"publish","type":"post","link":"https:\/\/www.masrojo.com.ar\/home\/2021\/02\/02\/con-falcioni-tengo-palabras-de-agradecimiento\/","title":{"rendered":"\u00abCon Falcioni tengo palabras de agradecimiento\u00bb"},"content":{"rendered":"<p style=\"text-align: justify;\">El arquero de Independiente Sebasti\u00e1n Sosa habl\u00f3 en Rojos de Pasi\u00f3n.<\/p>\n<p style=\"text-align: justify;\">En relaci\u00f3n al trabajo que van llevando explic\u00f3 que \u00abSe est\u00e1 trabajando muy duro en lo f\u00edsico. Yo ya conoc\u00eda la filosof\u00eda de este cuerpo t\u00e9cnico\u00bb.<\/p>\n<p style=\"text-align: justify;\">Adem\u00e1s dijo que \u00abEs bueno entrenar diferentes variantes t\u00e1cticas, ante cualquier eventualidad que surjan en los partidos\u00bb.<\/p>\n<p style=\"text-align: justify;\">Consultado sobre su relaci\u00f3n con el entrenador dijo que \u00abCon Falcioni tengo palabras de agradecimiento por las posibilidades que me dio en Boca. Le dije eso mismo cuando lo vi ac\u00e1. La relaci\u00f3n siempre fue buena\u00bb.<\/p>\n<p style=\"text-align: justify;\">Y agreg\u00f3 que \u00abFalcioni me ha preguntado cosas vinculadas al plantel, el v\u00ednculo se volvi\u00f3 a\u00fan m\u00e1s estrecho\u00bb.<\/p>\n<p style=\"text-align: justify;\">Tambi\u00e9n se refiri\u00f3 a los problemas que pasan en el d\u00eda a d\u00eda en el club y dijo que \u00abLos temas extrafutbol\u00edsticos los tiene que tratar la gente que corresponde. Nosotros tenemos que enfocarnos en lo nuestro\u00bb.<\/p>\n<p style=\"text-align: justify;\"><span class=\"css-901oao css-16my406 r-poiln3 r-bcqeeo r-qvutc0\">\u00abEn <\/span><span class=\"r-18u37iz\">Independiente<\/span><span class=\"css-901oao css-16my406 r-poiln3 r-bcqeeo r-qvutc0\"> es una obligaci\u00f3n salir campe\u00f3n y nos estamos preparando para eso. No nos sobra nada, pero podemos estar a la altura de pelear\u00bb, afirm\u00f3.\u00a0<\/span><\/p>\n<p><iframe loading=\"lazy\" src=\"\/\/ar.radiocut.fm\/audiocut\/embed\/mini\/sebastian-sosa-elogio-a-falcioni\/\" width=\"100%\" height=\"65px\" frameborder=\"no\" scrolling=\"no\"><\/iframe><\/p>\n<p><iframe loading=\"lazy\" width=\"560\" height=\"315\" src=\"https:\/\/www.youtube.com\/embed\/k-oo8PeMxEs\" frameborder=\"0\" allow=\"accelerometer; autoplay; clipboard-write; encrypted-media; gyroscope; picture-in-picture\" allowfullscreen><\/iframe><\/p>\n<p><iframe loading=\"lazy\" width=\"560\" height=\"315\" src=\"https:\/\/www.youtube.com\/embed\/k-oo8PeMxEs\" frameborder=\"0\" allow=\"accelerometer; autoplay; clipboard-write; encrypted-media; gyroscope; picture-in-picture\" allowfullscreen><\/iframe><\/p>\n","protected":false},"excerpt":{"rendered":"<div class=\"mh-excerpt\"><p>El arquero de Independiente Sebasti\u00e1n Sosa habl\u00f3 en Rojos de Pasi\u00f3n. En relaci\u00f3n al trabajo que van llevando explic\u00f3 que \u00abSe est\u00e1 trabajando muy duro en lo f\u00edsico. Yo ya conoc\u00eda la filosof\u00eda de este <a class=\"mh-excerpt-more\" href=\"https:\/\/www.masrojo.com.ar\/home\/2021\/02\/02\/con-falcioni-tengo-palabras-de-agradecimiento\/\" title=\"\u00abCon Falcioni tengo palabras de agradecimiento\u00bb\">[&#8230;]<\/a><\/p>\n<\/div>","protected":false},"author":6,"featured_media":0,"comment_status":"closed","ping_status":"closed","sticky":false,"template":"","format":"audio","meta":{"_jetpack_memberships_contains_paid_content":false,"footnotes":"","jetpack_publicize_message":"","jetpack_publicize_feature_enabled":true,"jetpack_social_post_already_shared":true,"jetpack_social_options":{"image_generator_settings":{"template":"highway","enabled":false},"version":2}},"categories":[4],"tags":[],"class_list":{"0":"post-47051","1":"post","2":"type-post","3":"status-publish","4":"format-audio","6":"category-actualidad","7":"post_format-post-format-audio"},"jetpack_publicize_connections":[],"jetpack_sharing_enabled":true,"jetpack_featured_media_url":"","jetpack_shortlink":"https:\/\/wp.me\/p90W9F-ceT","_links":{"self":[{"href":"https:\/\/www.masrojo.com.ar\/home\/wp-json\/wp\/v2\/posts\/47051"}],"collection":[{"href":"https:\/\/www.masrojo.com.ar\/home\/wp-json\/wp\/v2\/posts"}],"about":[{"href":"https:\/\/www.masrojo.com.ar\/home\/wp-json\/wp\/v2\/types\/post"}],"author":[{"embeddable":true,"href":"https:\/\/www.masrojo.com.ar\/home\/wp-json\/wp\/v2\/users\/6"}],"replies":[{"embeddable":true,"href":"https:\/\/www.masrojo.com.ar\/home\/wp-json\/wp\/v2\/comments?post=47051"}],"version-history":[{"count":3,"href":"https:\/\/www.masrojo.com.ar\/home\/wp-json\/wp\/v2\/posts\/47051\/revisions"}],"predecessor-version":[{"id":47061,"href":"https:\/\/www.masrojo.com.ar\/home\/wp-json\/wp\/v2\/posts\/47051\/revisions\/47061"}],"wp:attachment":[{"href":"https:\/\/www.masrojo.com.ar\/home\/wp-json\/wp\/v2\/media?parent=47051"}],"wp:term":[{"taxonomy":"category","embeddable":true,"href":"https:\/\/www.masrojo.com.ar\/home\/wp-json\/wp\/v2\/categories?post=47051"},{"taxonomy":"post_tag","embeddable":true,"href":"https:\/\/www.masrojo.com.ar\/home\/wp-json\/wp\/v2\/tags?post=47051"}],"curies":[{"name":"wp","href":"https:\/\/api.w.org\/{rel}","templated":true}]}}