{"id":47109,"date":"2021-02-03T21:53:56","date_gmt":"2021-02-04T00:53:56","guid":{"rendered":"https:\/\/www.masrojo.com.ar\/home\/?p=47109"},"modified":"2021-02-03T23:06:59","modified_gmt":"2021-02-04T02:06:59","slug":"como-paso-con-bustos-ahora-hay-lio-con-franco","status":"publish","type":"post","link":"https:\/\/www.masrojo.com.ar\/home\/2021\/02\/03\/como-paso-con-bustos-ahora-hay-lio-con-franco\/","title":{"rendered":"COMO PAS\u00d3 CON BUSTOS, AHORA HAY LIO CON FRANCO"},"content":{"rendered":"<div class=\"entry-title col-lg-6 col-md-12 col-sm-12 col-xs-12\">\n<div class=\"title\">\n<div class=\"bajada\">\n<p style=\"text-align: justify;\">El defensor nunca cobr\u00f3 el incremento salarial que los dirigentes le firmaron en septiembre del a\u00f1o pasado y desde el club argumentan que Moyano a\u00fan no lo aprob\u00f3. Igual le prometieron solucionar el problema en lo inmediato.<\/p>\n<p><iframe loading=\"lazy\" width=\"560\" height=\"315\" src=\"https:\/\/www.youtube.com\/embed\/Muwxn1ezH_Q\" frameborder=\"0\" allow=\"accelerometer; autoplay; clipboard-write; encrypted-media; gyroscope; picture-in-picture\" allowfullscreen><\/iframe><\/p>\n<\/div>\n<\/div>\n<\/div>\n<div id=\"galeria-trigger\" class=\"entry-media no-p main-image pointer col-lg-12 col-md-12 \">\n<p style=\"text-align: justify;\">El enojo va en aumento. La dirigencia de\u00a0Independiente\u00a0no cumpli\u00f3 con lo prometido. Y\u00a0Alan Franco\u00a0comenz\u00f3 a perder la paciencia.\u00a0<strong>El defensor de 24 a\u00f1os, quien el 1\u00b0 de septiembre del a\u00f1o pasado firm\u00f3 la extensi\u00f3n de su contrato hasta el 31 de diciembre de 2022, nunca cobr\u00f3 su salario con el aumento que los directivos se comprometieron a darle.<\/strong><\/p>\n<p class=\"teads-adCall\" style=\"text-align: justify;\">\n<div id=\"hybs-mslot-2319-6\" class=\"hybs-mslot\">\n<p style=\"text-align: justify;\"><strong>El central vive una situaci\u00f3n muy similar a la que atraves\u00f3\u00a0Fabricio Bustos,<\/strong>\u00a0<strong>quien tuvo que alzar la voz\u00a0<\/strong>para que quienes conducen los destinos del club desembolsen el dinero de su salario actualizado con la inclusi\u00f3n de un retroactivo hasta septiembre, el mes en el que tanto el lateral como Franco firmaron sus nuevos v\u00ednculos con cifras que jam\u00e1s llegaron a ver en sus recibos de sueldo. Al marcador de punta ya le pagaron el nuevo monto luego de que saliera a quejarse, pero el zaguero a\u00fan no hab\u00eda efectuado ning\u00fan reclamo. Sus representantes finalmente se contactaron con Hugo Moyano y su hijo Pablo, presidente y vice de la instituci\u00f3n, para avisarles que el jugador nunca percibi\u00f3 el aumento pautado.<\/p>\n<p id=\"hybs-mslot-2319-5\" class=\"hybs-mslot\" style=\"text-align: justify;\">\n<div class=\"sp__Normal\">\n<p class=\"image-embeb image-trigger pointer\" style=\"text-align: justify;\" data-index=\"2\">Franco estamp\u00f3 la r\u00fabrica en su nuevo v\u00ednculo a principios de septiembre e incluso se tom\u00f3 una fotograf\u00eda poniendo el gancho junto a\u00a0Pablo Moyano. Lo cierto es que esa foto fue s\u00f3lo para las redes sociales, ya que Hugo no se tom\u00f3 el tiempo para analizar los papeles y nunca estamp\u00f3 la r\u00fabrica.\u00a0<strong>El jugador tiene la potestad para acudir a Futbolistas Argentinos Agremiados, pero antes de tomar una medida dr\u00e1stica optar\u00e1 por darles un tiempo m\u00e1s a los directivos para que regularicen la situaci\u00f3n.<\/strong>\u00a0Al igual que Bustos,\u00a0<strong>exigir\u00e1 el pago retroactivo del aumento desde el momento en el que el nuevo contrato fue rubricado.<\/strong><\/p>\n<p style=\"text-align: right;\" data-index=\"2\"><span style=\"font-size: 8pt;\">Ol\u00e9<\/span><\/p>\n<\/div>\n<\/div>\n<\/div>\n","protected":false},"excerpt":{"rendered":"<div class=\"mh-excerpt\"><p>El defensor nunca cobr\u00f3 el incremento salarial que los dirigentes le firmaron en septiembre del a\u00f1o pasado y desde el club argumentan que Moyano a\u00fan no lo aprob\u00f3. Igual le prometieron solucionar el problema en <a class=\"mh-excerpt-more\" href=\"https:\/\/www.masrojo.com.ar\/home\/2021\/02\/03\/como-paso-con-bustos-ahora-hay-lio-con-franco\/\" title=\"COMO PAS\u00d3 CON BUSTOS, AHORA HAY LIO CON FRANCO\">[&#8230;]<\/a><\/p>\n<\/div>","protected":false},"author":6,"featured_media":47110,"comment_status":"closed","ping_status":"closed","sticky":false,"template":"","format":"image","meta":{"_jetpack_memberships_contains_paid_content":false,"footnotes":"","jetpack_publicize_message":"","jetpack_publicize_feature_enabled":true,"jetpack_social_post_already_shared":true,"jetpack_social_options":{"image_generator_settings":{"template":"highway","enabled":false},"version":2}},"categories":[4],"tags":[],"class_list":{"0":"post-47109","1":"post","2":"type-post","3":"status-publish","4":"format-image","5":"has-post-thumbnail","7":"category-actualidad","8":"post_format-post-format-image"},"jetpack_publicize_connections":[],"jetpack_sharing_enabled":true,"jetpack_featured_media_url":"https:\/\/i0.wp.com\/www.masrojo.com.ar\/home\/wp-content\/uploads\/FRANCO.jpg?fit=720%2C519&ssl=1","jetpack_shortlink":"https:\/\/wp.me\/p90W9F-cfP","_links":{"self":[{"href":"https:\/\/www.masrojo.com.ar\/home\/wp-json\/wp\/v2\/posts\/47109"}],"collection":[{"href":"https:\/\/www.masrojo.com.ar\/home\/wp-json\/wp\/v2\/posts"}],"about":[{"href":"https:\/\/www.masrojo.com.ar\/home\/wp-json\/wp\/v2\/types\/post"}],"author":[{"embeddable":true,"href":"https:\/\/www.masrojo.com.ar\/home\/wp-json\/wp\/v2\/users\/6"}],"replies":[{"embeddable":true,"href":"https:\/\/www.masrojo.com.ar\/home\/wp-json\/wp\/v2\/comments?post=47109"}],"version-history":[{"count":2,"href":"https:\/\/www.masrojo.com.ar\/home\/wp-json\/wp\/v2\/posts\/47109\/revisions"}],"predecessor-version":[{"id":47120,"href":"https:\/\/www.masrojo.com.ar\/home\/wp-json\/wp\/v2\/posts\/47109\/revisions\/47120"}],"wp:featuredmedia":[{"embeddable":true,"href":"https:\/\/www.masrojo.com.ar\/home\/wp-json\/wp\/v2\/media\/47110"}],"wp:attachment":[{"href":"https:\/\/www.masrojo.com.ar\/home\/wp-json\/wp\/v2\/media?parent=47109"}],"wp:term":[{"taxonomy":"category","embeddable":true,"href":"https:\/\/www.masrojo.com.ar\/home\/wp-json\/wp\/v2\/categories?post=47109"},{"taxonomy":"post_tag","embeddable":true,"href":"https:\/\/www.masrojo.com.ar\/home\/wp-json\/wp\/v2\/tags?post=47109"}],"curies":[{"name":"wp","href":"https:\/\/api.w.org\/{rel}","templated":true}]}}