{"id":47587,"date":"2021-02-17T19:56:06","date_gmt":"2021-02-17T22:56:06","guid":{"rendered":"https:\/\/www.masrojo.com.ar\/home\/?p=47587"},"modified":"2021-02-17T19:56:06","modified_gmt":"2021-02-17T22:56:06","slug":"poblete-muy-cerca-de-convertirse-en-refuerzo","status":"publish","type":"post","link":"https:\/\/www.masrojo.com.ar\/home\/2021\/02\/17\/poblete-muy-cerca-de-convertirse-en-refuerzo\/","title":{"rendered":"Poblete, muy cerca de convertirse en refuerzo"},"content":{"rendered":"<p style=\"text-align: justify;\">El volante central, de 28 a\u00f1os, est\u00e1 haciendo los papeles y llegar\u00eda libre desde Deportes La Serena de Chile por un a\u00f1o. Firmar\u00eda en las pr\u00f3ximas horas.<\/p>\n<p style=\"text-align: justify;\">\u00c9ste mi\u00e9rcoles apareci\u00f3 un jugador de \u00faltimo momento para reforzar al Rojo en el mediocampo: Ger\u00f3nimo Poblete.<\/p>\n<p style=\"text-align: justify;\">El volante central, de 28 a\u00f1os, fue pedido por el propio Falcioni y por estas horas est\u00e1 haciendo los papeles para llegar libre desde Deportes La Serena, de Chile, por un a\u00f1o. Surgi\u00f3 en Col\u00f3n y tuvo pasos por Metz de Francia y San Lorenzo.<\/p>\n<p style=\"text-align: justify;\">Esta previsto que Poblete firme ma\u00f1ana su contrato y su pase es indiferente a la llegada de Adri\u00e1n Arregui. El dato curioso es que el jugador ten\u00eda firmado un pre contrato laboral con Godoy Cruz y hace 24 horas se dedicaron a sacarlo de efecto.<\/p>\n<p style=\"text-align: justify;\">Las otras opciones que tiene el t\u00e9cnico en el puesto de volante central son Lucas Romero, Lucas Gonz\u00e1lez y Juan Pacchini.<\/p>\n","protected":false},"excerpt":{"rendered":"<div class=\"mh-excerpt\"><p>El volante central, de 28 a\u00f1os, est\u00e1 haciendo los papeles y llegar\u00eda libre desde Deportes La Serena de Chile por un a\u00f1o. Firmar\u00eda en las pr\u00f3ximas horas. \u00c9ste mi\u00e9rcoles apareci\u00f3 un jugador de \u00faltimo momento <a class=\"mh-excerpt-more\" href=\"https:\/\/www.masrojo.com.ar\/home\/2021\/02\/17\/poblete-muy-cerca-de-convertirse-en-refuerzo\/\" title=\"Poblete, muy cerca de convertirse en refuerzo\">[&#8230;]<\/a><\/p>\n<\/div>","protected":false},"author":6,"featured_media":0,"comment_status":"closed","ping_status":"closed","sticky":false,"template":"","format":"image","meta":{"_jetpack_memberships_contains_paid_content":false,"footnotes":"","jetpack_publicize_message":"","jetpack_publicize_feature_enabled":true,"jetpack_social_post_already_shared":true,"jetpack_social_options":{"image_generator_settings":{"template":"highway","enabled":false},"version":2}},"categories":[4],"tags":[],"class_list":{"0":"post-47587","1":"post","2":"type-post","3":"status-publish","4":"format-image","6":"category-actualidad","7":"post_format-post-format-image"},"jetpack_publicize_connections":[],"jetpack_sharing_enabled":true,"jetpack_featured_media_url":"","jetpack_shortlink":"https:\/\/wp.me\/p90W9F-cnx","_links":{"self":[{"href":"https:\/\/www.masrojo.com.ar\/home\/wp-json\/wp\/v2\/posts\/47587"}],"collection":[{"href":"https:\/\/www.masrojo.com.ar\/home\/wp-json\/wp\/v2\/posts"}],"about":[{"href":"https:\/\/www.masrojo.com.ar\/home\/wp-json\/wp\/v2\/types\/post"}],"author":[{"embeddable":true,"href":"https:\/\/www.masrojo.com.ar\/home\/wp-json\/wp\/v2\/users\/6"}],"replies":[{"embeddable":true,"href":"https:\/\/www.masrojo.com.ar\/home\/wp-json\/wp\/v2\/comments?post=47587"}],"version-history":[{"count":1,"href":"https:\/\/www.masrojo.com.ar\/home\/wp-json\/wp\/v2\/posts\/47587\/revisions"}],"predecessor-version":[{"id":47594,"href":"https:\/\/www.masrojo.com.ar\/home\/wp-json\/wp\/v2\/posts\/47587\/revisions\/47594"}],"wp:attachment":[{"href":"https:\/\/www.masrojo.com.ar\/home\/wp-json\/wp\/v2\/media?parent=47587"}],"wp:term":[{"taxonomy":"category","embeddable":true,"href":"https:\/\/www.masrojo.com.ar\/home\/wp-json\/wp\/v2\/categories?post=47587"},{"taxonomy":"post_tag","embeddable":true,"href":"https:\/\/www.masrojo.com.ar\/home\/wp-json\/wp\/v2\/tags?post=47587"}],"curies":[{"name":"wp","href":"https:\/\/api.w.org\/{rel}","templated":true}]}}