{"id":47930,"date":"2021-02-24T17:39:44","date_gmt":"2021-02-24T20:39:44","guid":{"rendered":"https:\/\/www.masrojo.com.ar\/home\/?p=47930"},"modified":"2021-02-24T17:39:44","modified_gmt":"2021-02-24T20:39:44","slug":"martinez-rescindio-su-contrato","status":"publish","type":"post","link":"https:\/\/www.masrojo.com.ar\/home\/2021\/02\/24\/martinez-rescindio-su-contrato\/","title":{"rendered":"MART\u00cdNEZ RESCINDI\u00d3 SU CONTRATO"},"content":{"rendered":"<p style=\"text-align: justify;\">El delantero regresar\u00e1 al <strong>Liverpool de Uruguay<\/strong>, club oriental de donde proven\u00eda y que es due\u00f1o de sus derechos econ\u00f3micos y federativos.<\/p>\n<p style=\"text-align: justify;\">Desde el club se esclarecieron los n\u00fameros de las operaciones:<br \/>\n<em> \u00abIndependiente hab\u00eda realizado un <strong>pago de 300 mil d\u00f3lares en octubre<\/strong>, cuando se realiz\u00f3 la operaci\u00f3n. Por eso, el Rojo <strong>mantendr\u00e1 una plusval\u00eda en una futura venta<\/strong> de Mart\u00ednez. A su vez, <strong>queda sin efecto la cuota de 1.050.000<\/strong> que deb\u00eda abonar en este mes\u00bb.<\/em><\/p>\n","protected":false},"excerpt":{"rendered":"<div class=\"mh-excerpt\"><p>El delantero regresar\u00e1 al Liverpool de Uruguay, club oriental de donde proven\u00eda y que es due\u00f1o de sus derechos econ\u00f3micos y federativos. Desde el club se esclarecieron los n\u00fameros de las operaciones: \u00abIndependiente hab\u00eda realizado <a class=\"mh-excerpt-more\" href=\"https:\/\/www.masrojo.com.ar\/home\/2021\/02\/24\/martinez-rescindio-su-contrato\/\" title=\"MART\u00cdNEZ RESCINDI\u00d3 SU CONTRATO\">[&#8230;]<\/a><\/p>\n<\/div>","protected":false},"author":4,"featured_media":0,"comment_status":"closed","ping_status":"closed","sticky":false,"template":"","format":"image","meta":{"_jetpack_memberships_contains_paid_content":false,"footnotes":"","jetpack_publicize_message":"#Independiente | Mart\u00ednez rescindi\u00f3 su contrato","jetpack_publicize_feature_enabled":true,"jetpack_social_post_already_shared":true,"jetpack_social_options":{"image_generator_settings":{"template":"highway","enabled":false},"version":2}},"categories":[4],"tags":[],"class_list":{"0":"post-47930","1":"post","2":"type-post","3":"status-publish","4":"format-image","6":"category-actualidad","7":"post_format-post-format-image"},"jetpack_publicize_connections":[],"jetpack_sharing_enabled":true,"jetpack_featured_media_url":"","jetpack_shortlink":"https:\/\/wp.me\/p90W9F-ct4","_links":{"self":[{"href":"https:\/\/www.masrojo.com.ar\/home\/wp-json\/wp\/v2\/posts\/47930"}],"collection":[{"href":"https:\/\/www.masrojo.com.ar\/home\/wp-json\/wp\/v2\/posts"}],"about":[{"href":"https:\/\/www.masrojo.com.ar\/home\/wp-json\/wp\/v2\/types\/post"}],"author":[{"embeddable":true,"href":"https:\/\/www.masrojo.com.ar\/home\/wp-json\/wp\/v2\/users\/4"}],"replies":[{"embeddable":true,"href":"https:\/\/www.masrojo.com.ar\/home\/wp-json\/wp\/v2\/comments?post=47930"}],"version-history":[{"count":3,"href":"https:\/\/www.masrojo.com.ar\/home\/wp-json\/wp\/v2\/posts\/47930\/revisions"}],"predecessor-version":[{"id":47933,"href":"https:\/\/www.masrojo.com.ar\/home\/wp-json\/wp\/v2\/posts\/47930\/revisions\/47933"}],"wp:attachment":[{"href":"https:\/\/www.masrojo.com.ar\/home\/wp-json\/wp\/v2\/media?parent=47930"}],"wp:term":[{"taxonomy":"category","embeddable":true,"href":"https:\/\/www.masrojo.com.ar\/home\/wp-json\/wp\/v2\/categories?post=47930"},{"taxonomy":"post_tag","embeddable":true,"href":"https:\/\/www.masrojo.com.ar\/home\/wp-json\/wp\/v2\/tags?post=47930"}],"curies":[{"name":"wp","href":"https:\/\/api.w.org\/{rel}","templated":true}]}}