{"id":48049,"date":"2021-02-28T10:56:41","date_gmt":"2021-02-28T13:56:41","guid":{"rendered":"https:\/\/www.masrojo.com.ar\/home\/?p=48049"},"modified":"2021-02-28T10:56:41","modified_gmt":"2021-02-28T13:56:41","slug":"el-error-que-sirvio-para-el-gol","status":"publish","type":"post","link":"https:\/\/www.masrojo.com.ar\/home\/2021\/02\/28\/el-error-que-sirvio-para-el-gol\/","title":{"rendered":"EL ERROR QUE SIRVI\u00d3 PARA EL GOL"},"content":{"rendered":"<p style=\"text-align: justify;\"><em>El t\u00e9cnico de Independiente admiti\u00f3 que se equivoc\u00f3 en la salida de Barreto y se mostr\u00f3 contento por el segundo triunfo al hilo.<\/em><\/p>\n<p style=\"text-align: justify;\"><em> Falcioni anot\u00f3 el cambio y pidi\u00f3 que salga Palacios (34), pero se confundieron y termin\u00f3 saliendo Sergio Barreto (24). En la siguiente jugada, Tucu particip\u00f3 del gol de Rojo.<\/em><\/p>\n<p style=\"text-align: justify;\"><em>\u201cEn el cambio me equivoqu\u00e9 yo en el n\u00famero. Ten\u00eda que salir Palacios&#8230; Y quedamos con una l\u00ednea de cuatro. Una vez convertido el gol, rectificamos esa situaci\u00f3n: entr\u00f3 Arregui para jugar con tres volantes. Lo hizo correctamente, colabor\u00f3 con el posicionamiento del equipo\u201d, admiti\u00f3 Julio Falcioni durante la conferencia de prensa, despu\u00e9s de superar 1-0 a Gimnasia en el Libertadores de Am\u00e9rica.<\/em><\/p>\n<p style=\"text-align: justify;\"><em>Lo curioso es que en ese momento despu\u00e9s del error en el papelito vino el gol de Independiente con el centro del c\u00f3rner tirado por Palacios, justo el que ten\u00eda que haber salido<\/em><\/p>\n<p><iframe loading=\"lazy\" src=\"http:\/\/www.espn.com.ar\/core\/video\/iframe?id=8251530&amp;endcard=false\" width=\"640\" height=\"360\" frameborder=\"0\" allowfullscreen=\"allowfullscreen\"><\/iframe><\/p>\n","protected":false},"excerpt":{"rendered":"<div class=\"mh-excerpt\"><p>El t\u00e9cnico de Independiente admiti\u00f3 que se equivoc\u00f3 en la salida de Barreto y se mostr\u00f3 contento por el segundo triunfo al hilo. Falcioni anot\u00f3 el cambio y pidi\u00f3 que salga Palacios (34), pero se <a class=\"mh-excerpt-more\" href=\"https:\/\/www.masrojo.com.ar\/home\/2021\/02\/28\/el-error-que-sirvio-para-el-gol\/\" title=\"EL ERROR QUE SIRVI\u00d3 PARA EL GOL\">[&#8230;]<\/a><\/p>\n<\/div>","protected":false},"author":6,"featured_media":0,"comment_status":"closed","ping_status":"closed","sticky":false,"template":"","format":"image","meta":{"_jetpack_memberships_contains_paid_content":false,"footnotes":"","jetpack_publicize_message":"","jetpack_publicize_feature_enabled":true,"jetpack_social_post_already_shared":true,"jetpack_social_options":{"image_generator_settings":{"template":"highway","enabled":false},"version":2}},"categories":[4],"tags":[],"class_list":{"0":"post-48049","1":"post","2":"type-post","3":"status-publish","4":"format-image","6":"category-actualidad","7":"post_format-post-format-image"},"jetpack_publicize_connections":[],"jetpack_sharing_enabled":true,"jetpack_featured_media_url":"","jetpack_shortlink":"https:\/\/wp.me\/p90W9F-cuZ","_links":{"self":[{"href":"https:\/\/www.masrojo.com.ar\/home\/wp-json\/wp\/v2\/posts\/48049"}],"collection":[{"href":"https:\/\/www.masrojo.com.ar\/home\/wp-json\/wp\/v2\/posts"}],"about":[{"href":"https:\/\/www.masrojo.com.ar\/home\/wp-json\/wp\/v2\/types\/post"}],"author":[{"embeddable":true,"href":"https:\/\/www.masrojo.com.ar\/home\/wp-json\/wp\/v2\/users\/6"}],"replies":[{"embeddable":true,"href":"https:\/\/www.masrojo.com.ar\/home\/wp-json\/wp\/v2\/comments?post=48049"}],"version-history":[{"count":1,"href":"https:\/\/www.masrojo.com.ar\/home\/wp-json\/wp\/v2\/posts\/48049\/revisions"}],"predecessor-version":[{"id":48056,"href":"https:\/\/www.masrojo.com.ar\/home\/wp-json\/wp\/v2\/posts\/48049\/revisions\/48056"}],"wp:attachment":[{"href":"https:\/\/www.masrojo.com.ar\/home\/wp-json\/wp\/v2\/media?parent=48049"}],"wp:term":[{"taxonomy":"category","embeddable":true,"href":"https:\/\/www.masrojo.com.ar\/home\/wp-json\/wp\/v2\/categories?post=48049"},{"taxonomy":"post_tag","embeddable":true,"href":"https:\/\/www.masrojo.com.ar\/home\/wp-json\/wp\/v2\/tags?post=48049"}],"curies":[{"name":"wp","href":"https:\/\/api.w.org\/{rel}","templated":true}]}}