{"id":48066,"date":"2021-02-28T11:06:33","date_gmt":"2021-02-28T14:06:33","guid":{"rendered":"https:\/\/www.masrojo.com.ar\/home\/?p=48066"},"modified":"2021-02-28T11:06:33","modified_gmt":"2021-02-28T14:06:33","slug":"insaurralde-de-cabeza-al-gol","status":"publish","type":"post","link":"https:\/\/www.masrojo.com.ar\/home\/2021\/02\/28\/insaurralde-de-cabeza-al-gol\/","title":{"rendered":"INSAURRALDE DE CABEZA AL GOL"},"content":{"rendered":"<p style=\"text-align: justify;\">Juan Manuel Insaurralde, uno de los protagonistas en la jugada del gol, habl\u00f3 tras el triunfo de Independiente sobre Gimnasia.<\/p>\n<p style=\"text-align: justify;\">\u201cMi viejo es fan\u00e1tico de Independiente, es de los que siempre est\u00e1n en las malas, es mi mejor representante. Me emociono un poco, esto se lo dedic\u00f3 a \u00e9l\u201d, exclam\u00f3 el Chaco en el comienzo del di\u00e1logo con Fox Sports Premium.<\/p>\n<p style=\"text-align: justify;\">Con respecto a la autor\u00eda del tanto del triunfo, declar\u00f3: \u201cMe comentaron que la empuj\u00f3 Silvio, no importa quien haga el gol, hab\u00eda que ganar y se hizo un esfuerzo tremendo\u201d.<\/p>\n<p style=\"text-align: justify;\">Luego, el defensor se\u00f1al\u00f3: \u201cEste es un plantel joven y sano y con muchas ganas de seguir creciendo, ojal\u00e1 lo podamos lograr partido a partido. Si se gana es mejor porque se trabaja m\u00e1s tranquilo\u201d.<\/p>\n<p style=\"text-align: justify;\">Adem\u00e1s analiz\u00f3: \u201cEn l\u00edneas generales vi un buen partido. Al final del primer tiempo si afin\u00e1bamos el \u00faltimo pase por ah\u00ed concret\u00e1bamos. En algunas jugadas nos agarraron mal parados, eso lo pudimos corregir\u201d.<\/p>\n<blockquote class=\"twitter-tweet\">\n<p dir=\"ltr\" lang=\"es\" style=\"text-align: justify;\">El Chaco Insaurralde volvi\u00f3 a hablar de su pap\u00e1, a quien le dedic\u00f3 la semana pasada el triunfo de la <a href=\"https:\/\/twitter.com\/hashtag\/CopaDeLaLiga?src=hash&amp;ref_src=twsrc%5Etfw\">#CopaDeLaLiga<\/a>. \u00bfQu\u00e9 te parece el nivel del refuerzo rojo?<\/p>\n<p>Suscribite en <a href=\"https:\/\/t.co\/OJoi9H6Ucg\">https:\/\/t.co\/OJoi9H6Ucg<\/a> <a href=\"https:\/\/t.co\/KnaP3M1bpn\">pic.twitter.com\/KnaP3M1bpn<\/a><\/p>\n<p>\u2014 SportsCenter (@SC_ESPN) <a href=\"https:\/\/twitter.com\/SC_ESPN\/status\/1365820365440765953?ref_src=twsrc%5Etfw\">February 28, 2021<\/a><\/p><\/blockquote>\n<p><script async src=\"https:\/\/platform.twitter.com\/widgets.js\" charset=\"utf-8\"><\/script><\/p>\n","protected":false},"excerpt":{"rendered":"<div class=\"mh-excerpt\"><p>Juan Manuel Insaurralde, uno de los protagonistas en la jugada del gol, habl\u00f3 tras el triunfo de Independiente sobre Gimnasia. \u201cMi viejo es fan\u00e1tico de Independiente, es de los que siempre est\u00e1n en las malas, <a class=\"mh-excerpt-more\" href=\"https:\/\/www.masrojo.com.ar\/home\/2021\/02\/28\/insaurralde-de-cabeza-al-gol\/\" title=\"INSAURRALDE DE CABEZA AL GOL\">[&#8230;]<\/a><\/p>\n<\/div>","protected":false},"author":6,"featured_media":0,"comment_status":"closed","ping_status":"closed","sticky":false,"template":"","format":"video","meta":{"_jetpack_memberships_contains_paid_content":false,"footnotes":"","jetpack_publicize_message":"","jetpack_publicize_feature_enabled":true,"jetpack_social_post_already_shared":true,"jetpack_social_options":{"image_generator_settings":{"template":"highway","enabled":false},"version":2}},"categories":[4],"tags":[],"class_list":{"0":"post-48066","1":"post","2":"type-post","3":"status-publish","4":"format-video","6":"category-actualidad","7":"post_format-post-format-video"},"jetpack_publicize_connections":[],"jetpack_sharing_enabled":true,"jetpack_featured_media_url":"","jetpack_shortlink":"https:\/\/wp.me\/p90W9F-cvg","_links":{"self":[{"href":"https:\/\/www.masrojo.com.ar\/home\/wp-json\/wp\/v2\/posts\/48066"}],"collection":[{"href":"https:\/\/www.masrojo.com.ar\/home\/wp-json\/wp\/v2\/posts"}],"about":[{"href":"https:\/\/www.masrojo.com.ar\/home\/wp-json\/wp\/v2\/types\/post"}],"author":[{"embeddable":true,"href":"https:\/\/www.masrojo.com.ar\/home\/wp-json\/wp\/v2\/users\/6"}],"replies":[{"embeddable":true,"href":"https:\/\/www.masrojo.com.ar\/home\/wp-json\/wp\/v2\/comments?post=48066"}],"version-history":[{"count":2,"href":"https:\/\/www.masrojo.com.ar\/home\/wp-json\/wp\/v2\/posts\/48066\/revisions"}],"predecessor-version":[{"id":48073,"href":"https:\/\/www.masrojo.com.ar\/home\/wp-json\/wp\/v2\/posts\/48066\/revisions\/48073"}],"wp:attachment":[{"href":"https:\/\/www.masrojo.com.ar\/home\/wp-json\/wp\/v2\/media?parent=48066"}],"wp:term":[{"taxonomy":"category","embeddable":true,"href":"https:\/\/www.masrojo.com.ar\/home\/wp-json\/wp\/v2\/categories?post=48066"},{"taxonomy":"post_tag","embeddable":true,"href":"https:\/\/www.masrojo.com.ar\/home\/wp-json\/wp\/v2\/tags?post=48066"}],"curies":[{"name":"wp","href":"https:\/\/api.w.org\/{rel}","templated":true}]}}