{"id":48394,"date":"2021-03-12T07:56:04","date_gmt":"2021-03-12T10:56:04","guid":{"rendered":"https:\/\/www.masrojo.com.ar\/home\/?p=48394"},"modified":"2021-03-12T07:56:04","modified_gmt":"2021-03-12T10:56:04","slug":"oferta-de-san-pablo-por-martin-benitez","status":"publish","type":"post","link":"https:\/\/www.masrojo.com.ar\/home\/2021\/03\/12\/oferta-de-san-pablo-por-martin-benitez\/","title":{"rendered":"Oferta de San Pablo por Mart\u00edn Ben\u00edtez"},"content":{"rendered":"<p style=\"text-align: justify;\">El delantero continuar\u00e1 su carrera en Brasil, justamente en el equipo que dirige Hern\u00e1n Crespo. Ya tiene arreglado su contrato y solo resta que se resuelva un tema de papeles con la FIFA para estampar la firma.<\/p>\n<p style=\"text-align: justify;\">El punta, cuyo pase pertenece al Rojo, es pretendido por el equipo de Crespo y podr\u00eda ser cedido. El TMS cerr\u00f3, pero los brasile\u00f1os har\u00e1n un pedido especial.<\/p>\n<p style=\"text-align: justify;\">Independiente tiene un acuerdo con San Pablo por el futbolista que atraviesa hoy su segundo pr\u00e9stamo en Vasco da Gama, tras las fallidas elecciones presidenciales en el conjunto de R\u00edo de Janeiro que arruinaron los planes de una compra. Lo que s\u00ed est\u00e1 claro es que el equipo que dirige Hern\u00e1n Crespo ir\u00e1 a la carga por el misionero, cuyo contrato en Avellaneda finaliza en 2022.<\/p>\n<p style=\"text-align: justify;\">La oferta es de 300 mil d\u00f3lares por un pr\u00e9stamo y una opci\u00f3n de compra de 3.2 millones por el 65 por ciento de su pase. Eso s\u00ed, el conjunto brasile\u00f1o va a pedir antes una excepci\u00f3n a la FIFA para que autoricen a fichar a Ben\u00edtez, ya que el TMS est\u00e1 cerrado en Argentina. La respuesta podr\u00eda demorar entre una y dos semanas, aproximadamente.<\/p>\n<p style=\"text-align: justify;\">El delantero, de 26 a\u00f1os, tiene contrato en Vasco da Gama, que acaba de descender a la Segunda Divisi\u00f3n, con Germ\u00e1n Cano y Leonardo Gil tambi\u00e9n en el plantel profesional, hasta mitad de a\u00f1o, pero lo cierto es que no volver\u00e1 a Independiente, sobre todo porque ya tiene acordado su nuevo contrato.<\/p>\n","protected":false},"excerpt":{"rendered":"<div class=\"mh-excerpt\"><p>El delantero continuar\u00e1 su carrera en Brasil, justamente en el equipo que dirige Hern\u00e1n Crespo. Ya tiene arreglado su contrato y solo resta que se resuelva un tema de papeles con la FIFA para estampar <a class=\"mh-excerpt-more\" href=\"https:\/\/www.masrojo.com.ar\/home\/2021\/03\/12\/oferta-de-san-pablo-por-martin-benitez\/\" title=\"Oferta de San Pablo por Mart\u00edn Ben\u00edtez\">[&#8230;]<\/a><\/p>\n<\/div>","protected":false},"author":6,"featured_media":0,"comment_status":"closed","ping_status":"closed","sticky":false,"template":"","format":"image","meta":{"_jetpack_memberships_contains_paid_content":false,"footnotes":"","jetpack_publicize_message":"","jetpack_publicize_feature_enabled":true,"jetpack_social_post_already_shared":true,"jetpack_social_options":{"image_generator_settings":{"template":"highway","enabled":false},"version":2}},"categories":[4],"tags":[],"class_list":{"0":"post-48394","1":"post","2":"type-post","3":"status-publish","4":"format-image","6":"category-actualidad","7":"post_format-post-format-image"},"jetpack_publicize_connections":[],"jetpack_sharing_enabled":true,"jetpack_featured_media_url":"","jetpack_shortlink":"https:\/\/wp.me\/p90W9F-cAy","_links":{"self":[{"href":"https:\/\/www.masrojo.com.ar\/home\/wp-json\/wp\/v2\/posts\/48394"}],"collection":[{"href":"https:\/\/www.masrojo.com.ar\/home\/wp-json\/wp\/v2\/posts"}],"about":[{"href":"https:\/\/www.masrojo.com.ar\/home\/wp-json\/wp\/v2\/types\/post"}],"author":[{"embeddable":true,"href":"https:\/\/www.masrojo.com.ar\/home\/wp-json\/wp\/v2\/users\/6"}],"replies":[{"embeddable":true,"href":"https:\/\/www.masrojo.com.ar\/home\/wp-json\/wp\/v2\/comments?post=48394"}],"version-history":[{"count":1,"href":"https:\/\/www.masrojo.com.ar\/home\/wp-json\/wp\/v2\/posts\/48394\/revisions"}],"predecessor-version":[{"id":48400,"href":"https:\/\/www.masrojo.com.ar\/home\/wp-json\/wp\/v2\/posts\/48394\/revisions\/48400"}],"wp:attachment":[{"href":"https:\/\/www.masrojo.com.ar\/home\/wp-json\/wp\/v2\/media?parent=48394"}],"wp:term":[{"taxonomy":"category","embeddable":true,"href":"https:\/\/www.masrojo.com.ar\/home\/wp-json\/wp\/v2\/categories?post=48394"},{"taxonomy":"post_tag","embeddable":true,"href":"https:\/\/www.masrojo.com.ar\/home\/wp-json\/wp\/v2\/tags?post=48394"}],"curies":[{"name":"wp","href":"https:\/\/api.w.org\/{rel}","templated":true}]}}