{"id":49274,"date":"2021-04-11T00:47:19","date_gmt":"2021-04-11T03:47:19","guid":{"rendered":"https:\/\/www.masrojo.com.ar\/home\/?p=49274"},"modified":"2021-04-11T00:47:19","modified_gmt":"2021-04-11T03:47:19","slug":"la-salud-de-saltita","status":"publish","type":"post","link":"https:\/\/www.masrojo.com.ar\/home\/2021\/04\/11\/la-salud-de-saltita\/","title":{"rendered":"La salud de Saltita"},"content":{"rendered":"<p><strong>Lucas \u201cSaltita\u201d Gonz\u00e1lez<\/strong> debi\u00f3 salir del encuentro en camilla y con cuello ortop\u00e9dico a los 20&#8242; del segundo tiempo, tras un duro cabezazo de Novillo desde atr\u00e1s.<\/p>\n<p>El mediocampista de Independiente se encuentra en el <strong>Finochietto<\/strong> en observaci\u00f3n y ya recuper\u00f3 el conocimiento y los movimientos. Sin embargo, se quedar\u00e1 24 hs internado. Est\u00e1 junto a su familia esperando el resultado de la resonancia.<\/p>\n<p>Desde MasRojo le enviamos much\u00edsima fuerza y una pronta recuperaci\u00f3n!<\/p>\n<blockquote class=\"twitter-tweet\">\n<p dir=\"ltr\" lang=\"es\"><a href=\"https:\/\/twitter.com\/hashtag\/CopaDeLaLiga?src=hash&amp;ref_src=twsrc%5Etfw\">#CopaDeLaLiga<\/a> \u00a1QU\u00c9 DOLOR! Saltita Gonz\u00e1lez sufri\u00f3 un dur\u00edsimo golpe en la cabeza y se tuvo que retirar en camilla del Cl\u00e1sico de Avellaneda.<\/p>\n<p>Suscribite en <a href=\"https:\/\/t.co\/fJNSkWu8AD\">https:\/\/t.co\/fJNSkWu8AD<\/a> <a href=\"https:\/\/t.co\/twvDqp5Ze8\">pic.twitter.com\/twvDqp5Ze8<\/a><\/p>\n<p>\u2014 ESPN Argentina (@ESPNArgentina) <a href=\"https:\/\/twitter.com\/ESPNArgentina\/status\/1381056494934835200?ref_src=twsrc%5Etfw\">April 11, 2021<\/a><\/p><\/blockquote>\n<p><script async src=\"https:\/\/platform.twitter.com\/widgets.js\" charset=\"utf-8\"><\/script><\/p>\n","protected":false},"excerpt":{"rendered":"<div class=\"mh-excerpt\"><p>Lucas \u201cSaltita\u201d Gonz\u00e1lez debi\u00f3 salir del encuentro en camilla y con cuello ortop\u00e9dico a los 20&#8242; del segundo tiempo, tras un duro cabezazo de Novillo desde atr\u00e1s. El mediocampista de Independiente se encuentra en el <a class=\"mh-excerpt-more\" href=\"https:\/\/www.masrojo.com.ar\/home\/2021\/04\/11\/la-salud-de-saltita\/\" title=\"La salud de Saltita\">[&#8230;]<\/a><\/p>\n<\/div>","protected":false},"author":1,"featured_media":0,"comment_status":"closed","ping_status":"closed","sticky":false,"template":"","format":"video","meta":{"_jetpack_memberships_contains_paid_content":false,"footnotes":"","jetpack_publicize_message":"","jetpack_publicize_feature_enabled":true,"jetpack_social_post_already_shared":true,"jetpack_social_options":{"image_generator_settings":{"template":"highway","enabled":false},"version":2}},"categories":[4],"tags":[17,1034],"class_list":{"0":"post-49274","1":"post","2":"type-post","3":"status-publish","4":"format-video","6":"category-actualidad","7":"tag-independiente","8":"tag-saltita-gonzalez","9":"post_format-post-format-video"},"jetpack_publicize_connections":[],"jetpack_sharing_enabled":true,"jetpack_featured_media_url":"","jetpack_shortlink":"https:\/\/wp.me\/p90W9F-cOK","_links":{"self":[{"href":"https:\/\/www.masrojo.com.ar\/home\/wp-json\/wp\/v2\/posts\/49274"}],"collection":[{"href":"https:\/\/www.masrojo.com.ar\/home\/wp-json\/wp\/v2\/posts"}],"about":[{"href":"https:\/\/www.masrojo.com.ar\/home\/wp-json\/wp\/v2\/types\/post"}],"author":[{"embeddable":true,"href":"https:\/\/www.masrojo.com.ar\/home\/wp-json\/wp\/v2\/users\/1"}],"replies":[{"embeddable":true,"href":"https:\/\/www.masrojo.com.ar\/home\/wp-json\/wp\/v2\/comments?post=49274"}],"version-history":[{"count":1,"href":"https:\/\/www.masrojo.com.ar\/home\/wp-json\/wp\/v2\/posts\/49274\/revisions"}],"predecessor-version":[{"id":49279,"href":"https:\/\/www.masrojo.com.ar\/home\/wp-json\/wp\/v2\/posts\/49274\/revisions\/49279"}],"wp:attachment":[{"href":"https:\/\/www.masrojo.com.ar\/home\/wp-json\/wp\/v2\/media?parent=49274"}],"wp:term":[{"taxonomy":"category","embeddable":true,"href":"https:\/\/www.masrojo.com.ar\/home\/wp-json\/wp\/v2\/categories?post=49274"},{"taxonomy":"post_tag","embeddable":true,"href":"https:\/\/www.masrojo.com.ar\/home\/wp-json\/wp\/v2\/tags?post=49274"}],"curies":[{"name":"wp","href":"https:\/\/api.w.org\/{rel}","templated":true}]}}